{"id":712,"date":"2018-03-13T20:21:24","date_gmt":"2018-03-14T01:21:24","guid":{"rendered":"https:\/\/www.carmaxrentacar.com\/guayaquil\/?p=712"},"modified":"2024-04-11T09:28:27","modified_gmt":"2024-04-11T14:28:27","slug":"alquiler-tucson-ix-automatico","status":"publish","type":"post","link":"https:\/\/www.carmaxrentacar.com\/guayaquil\/alquiler-tucson-ix-automatico.html","title":{"rendered":"Hyundai IX Autom\u00e1tico"},"content":{"rendered":"\t\t<div data-elementor-type=\"wp-post\" data-elementor-id=\"712\" class=\"elementor elementor-712 elementor-bc-flex-widget\" data-elementor-post-type=\"post\">\n\t\t\t\t\t\t<section class=\"elementor-section elementor-top-section elementor-element elementor-element-12eefbeb elementor-section-boxed elementor-section-height-default elementor-section-height-default\" data-id=\"12eefbeb\" data-element_type=\"section\" data-e-type=\"section\">\n\t\t\t\t\t\t<div class=\"elementor-container elementor-column-gap-default\">\n\t\t\t\t\t<div class=\"elementor-column elementor-col-100 elementor-top-column elementor-element elementor-element-3a3ce02d\" data-id=\"3a3ce02d\" data-element_type=\"column\" data-e-type=\"column\">\n\t\t\t<div class=\"elementor-widget-wrap elementor-element-populated\">\n\t\t\t\t\t\t<div class=\"elementor-element elementor-element-5df0dca9 elementor-widget elementor-widget-heading\" data-id=\"5df0dca9\" data-element_type=\"widget\" data-e-type=\"widget\" data-widget_type=\"heading.default\">\n\t\t\t\t<div class=\"elementor-widget-container\">\n\t\t\t\t\t<h1 class=\"elementor-heading-title elementor-size-large\">Hyundai Tucson IX Autom\u00e1tico<\/h1>\t\t\t\t<\/div>\n\t\t\t\t<\/div>\n\t\t\t\t\t<\/div>\n\t\t<\/div>\n\t\t\t\t\t<\/div>\n\t\t<\/section>\n\t\t\t\t<section class=\"elementor-section elementor-top-section elementor-element elementor-element-2c2d5942 elementor-section-boxed elementor-section-height-default elementor-section-height-default\" data-id=\"2c2d5942\" data-element_type=\"section\" data-e-type=\"section\">\n\t\t\t\t\t\t<div class=\"elementor-container elementor-column-gap-default\">\n\t\t\t\t\t<div class=\"elementor-column elementor-col-50 elementor-top-column elementor-element elementor-element-44101e99\" data-id=\"44101e99\" data-element_type=\"column\" data-e-type=\"column\">\n\t\t\t<div class=\"elementor-widget-wrap elementor-element-populated\">\n\t\t\t\t\t\t<div class=\"elementor-element elementor-element-12eac556 elementor-widget elementor-widget-image\" data-id=\"12eac556\" data-element_type=\"widget\" data-e-type=\"widget\" data-widget_type=\"image.default\">\n\t\t\t\t<div class=\"elementor-widget-container\">\n\t\t\t\t\t\t\t\t\t\t\t\t<figure class=\"wp-caption\">\n\t\t\t\t\t\t\t\t\t\t<img decoding=\"async\" src=\"https:\/\/www.carmaxrentacar.com\/guayaquil\/wp-content\/uploads\/2018\/04\/tucson-ix-carmax.jpg\" title=\"\" alt=\"\" loading=\"lazy\">\t\t\t\t\t\t\t\t\t\t\t<figcaption class=\"widget-image-caption wp-caption-text\">Hyundai IX Autom\u00e1tico<\/figcaption>\n\t\t\t\t\t\t\t\t\t\t<\/figure>\n\t\t\t\t\t\t\t\t\t<\/div>\n\t\t\t\t<\/div>\n\t\t\t\t\t<\/div>\n\t\t<\/div>\n\t\t\t\t<div class=\"elementor-column elementor-col-50 elementor-top-column elementor-element elementor-element-4ee0e761\" data-id=\"4ee0e761\" data-element_type=\"column\" data-e-type=\"column\" id=\"big20\">\n\t\t\t<div class=\"elementor-widget-wrap elementor-element-populated\">\n\t\t\t\t\t\t<div class=\"elementor-element elementor-element-3623071f elementor-widget elementor-widget-text-editor\" data-id=\"3623071f\" data-element_type=\"widget\" data-e-type=\"widget\" data-widget_type=\"text-editor.default\">\n\t\t\t\t<div class=\"elementor-widget-container\">\n\t\t\t\t\t\t\t\t\t<p><span style=\"font-weight: 400;\">Este es un <strong>SUV de lujo<\/strong>, autom\u00e1tico e h\u00edbrido, especial para viajes largos por su comodidad y ahorro de combustible. <\/span><\/p>\t\t\t\t\t\t\t\t<\/div>\n\t\t\t\t<\/div>\n\t\t\t\t<div class=\"elementor-element elementor-element-44ccee2 elementor-widget elementor-widget-shortcode\" data-id=\"44ccee2\" data-element_type=\"widget\" data-e-type=\"widget\" data-widget_type=\"shortcode.default\">\n\t\t\t\t<div class=\"elementor-widget-container\">\n\t\t\t\t\t\t\t<div class=\"elementor-shortcode\">\t\t<div data-elementor-type=\"section\" data-elementor-id=\"3375\" class=\"elementor elementor-3375\" data-elementor-post-type=\"elementor_library\">\n\t\t\t<div class=\"elementor-element elementor-element-4795b16 e-flex e-con-boxed e-con e-parent\" data-id=\"4795b16\" data-element_type=\"container\" data-e-type=\"container\">\n\t\t\t\t\t<div class=\"e-con-inner\">\n\t\t<div class=\"elementor-element elementor-element-417e718 e-con-full e-flex e-con e-child\" data-id=\"417e718\" data-element_type=\"container\" data-e-type=\"container\">\n\t\t\t\t<div class=\"elementor-element elementor-element-cbf7f59 elementor-widget elementor-widget-heading\" data-id=\"cbf7f59\" data-element_type=\"widget\" data-e-type=\"widget\" data-widget_type=\"heading.default\">\n\t\t\t\t<div class=\"elementor-widget-container\">\n\t\t\t\t\t<span class=\"elementor-heading-title elementor-size-default\">El alquiler  <b>incluye<\/b>:<\/span>\t\t\t\t<\/div>\n\t\t\t\t<\/div>\n\t\t\t\t<div class=\"elementor-element elementor-element-ac4d8c4 elementor-widget elementor-widget-text-editor\" data-id=\"ac4d8c4\" data-element_type=\"widget\" data-e-type=\"widget\" data-widget_type=\"text-editor.default\">\n\t\t\t\t<div class=\"elementor-widget-container\">\n\t\t\t\t\t\t\t\t\t<ul>\n<li>Seguro b\u00e1sico.<\/li>\n<li>Kilometraje <strong>ilimitado<\/strong> (libre).<\/li>\n<li class=\"tomato\"><strong>SIN recargos sorpresas.<\/strong><\/li>\n<li>Servicio de apertura de puertas.<\/li>\n<li>Recepci\u00f3n en el Aeropuerto <strong>gratuito (transfer).<\/strong><\/li>\n<li>Entrega y recepci\u00f3n las <strong>24 HORAS.<\/strong><\/li>\n<li><strong>Transfer Gratuito<\/strong>: entrega\/recepci\u00f3n del veh\u00edculo en el Aeropuerto Jos\u00e9 Joaqu\u00edn de Olmedo (GYE)&nbsp;<\/li>\n<\/ul>\t\t\t\t\t\t\t\t<\/div>\n\t\t\t\t<\/div>\n\t\t\t\t<\/div>\n\t\t\t\t\t<\/div>\n\t\t\t\t<\/div>\n\t\t\t\t<\/div>\n\t\t<\/div>\n\t\t\t\t\t\t<\/div>\n\t\t\t\t<\/div>\n\t\t\t\t<div class=\"elementor-element elementor-element-7c0cc35 elementor-align-left animated-fast elementor-invisible elementor-widget elementor-widget-button\" data-id=\"7c0cc35\" data-element_type=\"widget\" data-e-type=\"widget\" data-settings=\"{&quot;_animation&quot;:&quot;headShake&quot;,&quot;_animation_delay&quot;:300}\" data-widget_type=\"button.default\">\n\t\t\t\t<div class=\"elementor-widget-container\">\n\t\t\t\t\t\t\t\t\t<div class=\"elementor-button-wrapper\">\n\t\t\t\t\t<a class=\"elementor-button elementor-button-link elementor-size-sm\" href=\"https:\/\/api.whatsapp.com\/send?phone=593999616161&#038;text=Hola%20*Carmax*%20Rent%20a%20Car,%20deseo%20alquilar%20Hyundai%20Tucson%20IX%20Autom%C3%A1tico\" target=\"_blank\" rel=\"noopener\">\n\t\t\t\t\t\t<span class=\"elementor-button-content-wrapper\">\n\t\t\t\t\t\t<span class=\"elementor-button-icon\">\n\t\t\t\t\t\t\t\t\t<i class=\"fa fa-whatsapp\" aria-hidden=\"true\"><\/i>\n\t\t\t\t\t\t\t<\/span>\n\t\t\t\t\t\t\t\t\t<span class=\"elementor-button-text\">Reservar este auto<\/span>\n\t\t\t\t\t<\/span>\n\t\t\t\t\t<\/a>\n\t\t\t\t<\/div>\n\t\t\t\t\t\t\t\t<\/div>\n\t\t\t\t<\/div>\n\t\t\t\t<div class=\"elementor-element elementor-element-e744e2a elementor-widget elementor-widget-spacer\" data-id=\"e744e2a\" data-element_type=\"widget\" data-e-type=\"widget\" data-widget_type=\"spacer.default\">\n\t\t\t\t<div class=\"elementor-widget-container\">\n\t\t\t\t\t\t\t<div class=\"elementor-spacer\">\n\t\t\t<div class=\"elementor-spacer-inner\"><\/div>\n\t\t<\/div>\n\t\t\t\t\t\t<\/div>\n\t\t\t\t<\/div>\n\t\t\t\t\t<\/div>\n\t\t<\/div>\n\t\t\t\t\t<\/div>\n\t\t<\/section>\n\t\t\t\t<div class=\"elementor-section elementor-top-section elementor-element elementor-element-7b130154 elementor-section-height-min-height elementor-section-content-middle elementor-section-boxed elementor-section-height-default elementor-section-items-middle\" data-id=\"7b130154\" data-element_type=\"section\" data-e-type=\"section\" data-settings=\"{&quot;background_background&quot;:&quot;classic&quot;}\">\n\t\t\t\t\t\t<div class=\"elementor-container elementor-column-gap-default\">\n\t\t\t\t\t<div class=\"elementor-column elementor-col-100 elementor-top-column elementor-element elementor-element-2afed3af\" data-id=\"2afed3af\" data-element_type=\"column\" data-e-type=\"column\">\n\t\t\t<div class=\"elementor-widget-wrap elementor-element-populated\">\n\t\t\t\t\t\t<section class=\"elementor-section elementor-inner-section elementor-element elementor-element-34f2e34b elementor-section-boxed elementor-section-height-default elementor-section-height-default\" data-id=\"34f2e34b\" data-element_type=\"section\" data-e-type=\"section\">\n\t\t\t\t\t\t<div class=\"elementor-container elementor-column-gap-default\">\n\t\t\t\t\t<div class=\"elementor-column elementor-col-50 elementor-inner-column elementor-element elementor-element-1e696592\" data-id=\"1e696592\" data-element_type=\"column\" data-e-type=\"column\">\n\t\t\t<div class=\"elementor-widget-wrap elementor-element-populated\">\n\t\t\t\t\t\t<div class=\"elementor-element elementor-element-45f423d8 elementor-widget elementor-widget-heading\" data-id=\"45f423d8\" data-element_type=\"widget\" data-e-type=\"widget\" data-widget_type=\"heading.default\">\n\t\t\t\t<div class=\"elementor-widget-container\">\n\t\t\t\t\t<h2 class=\"elementor-heading-title elementor-size-large\">Equipamiento del veh\u00edculo<\/h2>\t\t\t\t<\/div>\n\t\t\t\t<\/div>\n\t\t\t\t<div class=\"elementor-element elementor-element-4a849e16 elementor-widget elementor-widget-text-editor\" data-id=\"4a849e16\" data-element_type=\"widget\" data-e-type=\"widget\" data-widget_type=\"text-editor.default\">\n\t\t\t\t<div class=\"elementor-widget-container\">\n\t\t\t\t\t\t\t\t\t<p><i class=\"fa fa-snowflake-o\"><\/i> Aire acondicionado<\/p>\t\t\t\t\t\t\t\t<\/div>\n\t\t\t\t<\/div>\n\t\t\t\t<div class=\"elementor-element elementor-element-25dcb09f elementor-widget elementor-widget-text-editor\" data-id=\"25dcb09f\" data-element_type=\"widget\" data-e-type=\"widget\" data-widget_type=\"text-editor.default\">\n\t\t\t\t<div class=\"elementor-widget-container\">\n\t\t\t\t\t\t\t\t\t<img decoding=\"async\" src=\"https:\/\/www.carmaxrentacar.com\/guayaquil\/wp-content\/uploads\/2018\/03\/transmision-manual.png\" width=\"19px\" alt=\"\" title=\"\"> Transmisi\u00f3n Autom\u00e1tica\t\t\t\t\t\t\t\t<\/div>\n\t\t\t\t<\/div>\n\t\t\t\t<div class=\"elementor-element elementor-element-6634de6a elementor-widget elementor-widget-text-editor\" data-id=\"6634de6a\" data-element_type=\"widget\" data-e-type=\"widget\" data-widget_type=\"text-editor.default\">\n\t\t\t\t<div class=\"elementor-widget-container\">\n\t\t\t\t\t\t\t\t\t<img decoding=\"async\" title=\"Puertas Incluidas en veh\u00edculos\" src=\"https:\/\/www.carmaxrentacar.com\/guayaquil\/wp-content\/uploads\/2018\/03\/door-cantidadd-puertas.svg\" alt=\"Icono Puertas de Auto\" width=\"19px\" \/> 5 Puertas\t\t\t\t\t\t\t\t<\/div>\n\t\t\t\t<\/div>\n\t\t\t\t<div class=\"elementor-element elementor-element-460baf7 elementor-widget elementor-widget-text-editor\" data-id=\"460baf7\" data-element_type=\"widget\" data-e-type=\"widget\" data-widget_type=\"text-editor.default\">\n\t\t\t\t<div class=\"elementor-widget-container\">\n\t\t\t\t\t\t\t\t\t<p><i class=\"fa fa-road\" aria-hidden=\"true\"><\/i> Kilometraje Libre<\/p>\t\t\t\t\t\t\t\t<\/div>\n\t\t\t\t<\/div>\n\t\t\t\t<div class=\"elementor-element elementor-element-602999e elementor-widget elementor-widget-text-editor\" data-id=\"602999e\" data-element_type=\"widget\" data-e-type=\"widget\" data-widget_type=\"text-editor.default\">\n\t\t\t\t<div class=\"elementor-widget-container\">\n\t\t\t\t\t\t\t\t\t<i class=\"fa fa-check\" aria-hidden=\"true\"><\/i> Veh\u00edculo <strong>FULL<\/strong> Equipo\t\t\t\t\t\t\t\t<\/div>\n\t\t\t\t<\/div>\n\t\t\t\t\t<\/div>\n\t\t<\/div>\n\t\t\t\t<div class=\"elementor-column elementor-col-50 elementor-inner-column elementor-element elementor-element-6439ba5c\" data-id=\"6439ba5c\" data-element_type=\"column\" data-e-type=\"column\">\n\t\t\t<div class=\"elementor-widget-wrap elementor-element-populated\">\n\t\t\t\t\t\t<div class=\"elementor-element elementor-element-394d65d8 elementor-widget elementor-widget-heading\" data-id=\"394d65d8\" data-element_type=\"widget\" data-e-type=\"widget\" data-widget_type=\"heading.default\">\n\t\t\t\t<div class=\"elementor-widget-container\">\n\t\t\t\t\t<h2 class=\"elementor-heading-title elementor-size-large\">Capacidad<\/h2>\t\t\t\t<\/div>\n\t\t\t\t<\/div>\n\t\t\t\t<div class=\"elementor-element elementor-element-701bc0da elementor-widget elementor-widget-text-editor\" data-id=\"701bc0da\" data-element_type=\"widget\" data-e-type=\"widget\" data-widget_type=\"text-editor.default\">\n\t\t\t\t<div class=\"elementor-widget-container\">\n\t\t\t\t\t\t\t\t\t<i class=\"fa fa-child\" aria-hidden=\"true\"><\/i> <span class=\"tomato\">5<\/span> Personas\t\t\t\t\t\t\t\t<\/div>\n\t\t\t\t<\/div>\n\t\t\t\t<div class=\"elementor-element elementor-element-2864daa9 elementor-widget elementor-widget-text-editor\" data-id=\"2864daa9\" data-element_type=\"widget\" data-e-type=\"widget\" data-widget_type=\"text-editor.default\">\n\t\t\t\t<div class=\"elementor-widget-container\">\n\t\t\t\t\t\t\t\t\t<p><i class=\"fa fa-suitcase\" aria-hidden=\"true\"><\/i> 2 Maletas<\/p>\t\t\t\t\t\t\t\t<\/div>\n\t\t\t\t<\/div>\n\t\t\t\t<div class=\"elementor-element elementor-element-3428779e elementor-widget elementor-widget-text-editor\" data-id=\"3428779e\" data-element_type=\"widget\" data-e-type=\"widget\" data-widget_type=\"text-editor.default\">\n\t\t\t\t<div class=\"elementor-widget-container\">\n\t\t\t\t\t\t\t\t\t<p><i class=\"fa fa-shopping-bag\" aria-hidden=\"true\"><\/i> 2 Equipajes de mano<\/p>\t\t\t\t\t\t\t\t<\/div>\n\t\t\t\t<\/div>\n\t\t\t\t\t<\/div>\n\t\t<\/div>\n\t\t\t\t\t<\/div>\n\t\t<\/section>\n\t\t\t\t\t<\/div>\n\t\t<\/div>\n\t\t\t\t\t<\/div>\n\t\t<\/div>\n\t\t\t\t<section class=\"elementor-section elementor-top-section elementor-element elementor-element-e47590e elementor-section-boxed elementor-section-height-default elementor-section-height-default\" data-id=\"e47590e\" data-element_type=\"section\" data-e-type=\"section\">\n\t\t\t\t\t\t<div class=\"elementor-container elementor-column-gap-default\">\n\t\t\t\t\t<div class=\"elementor-column elementor-col-100 elementor-top-column elementor-element elementor-element-85c9510\" data-id=\"85c9510\" data-element_type=\"column\" data-e-type=\"column\">\n\t\t\t<div class=\"elementor-widget-wrap elementor-element-populated\">\n\t\t\t\t\t\t<div class=\"elementor-element elementor-element-bc2e545 elementor-widget elementor-widget-heading\" data-id=\"bc2e545\" data-element_type=\"widget\" data-e-type=\"widget\" data-widget_type=\"heading.default\">\n\t\t\t\t<div class=\"elementor-widget-container\">\n\t\t\t\t\t<h4 class=\"elementor-heading-title elementor-size-default\">Consultas y Requerimientos<\/h4>\t\t\t\t<\/div>\n\t\t\t\t<\/div>\n\t\t\t\t<div class=\"elementor-element elementor-element-b62e929 elementor-widget elementor-widget-facebook-comments\" data-id=\"b62e929\" data-element_type=\"widget\" data-e-type=\"widget\" data-widget_type=\"facebook-comments.default\">\n\t\t\t\t<div class=\"elementor-widget-container\">\n\t\t\t\t\t\t\t<div class=\"elementor-facebook-widget fb-comments\" data-href=\"https:\/\/www.carmaxrentacar.com\/guayaquil?p=712\" data-width=\"100%\" data-numposts=\"10\" data-order-by=\"social\" style=\"min-height: 1px\"><\/div>\n\t\t\t\t\t\t<\/div>\n\t\t\t\t<\/div>\n\t\t\t\t\t<\/div>\n\t\t<\/div>\n\t\t\t\t\t<\/div>\n\t\t<\/section>\n\t\t\t\t<section class=\"elementor-section elementor-top-section elementor-element elementor-element-b9234dc elementor-section-boxed elementor-section-height-default elementor-section-height-default\" data-id=\"b9234dc\" data-element_type=\"section\" data-e-type=\"section\">\n\t\t\t\t\t\t<div class=\"elementor-container elementor-column-gap-default\">\n\t\t\t\t\t<div class=\"elementor-column elementor-col-100 elementor-top-column elementor-element elementor-element-76d715a\" data-id=\"76d715a\" data-element_type=\"column\" data-e-type=\"column\">\n\t\t\t<div class=\"elementor-widget-wrap elementor-element-populated\">\n\t\t\t\t\t\t<div class=\"elementor-element elementor-element-8b37f88 elementor-widget elementor-widget-shortcode\" data-id=\"8b37f88\" data-element_type=\"widget\" data-e-type=\"widget\" data-widget_type=\"shortcode.default\">\n\t\t\t\t<div class=\"elementor-widget-container\">\n\t\t\t\t\t\t\t<div class=\"elementor-shortcode\">\t\t<div data-elementor-type=\"section\" data-elementor-id=\"3360\" class=\"elementor elementor-3360\" data-elementor-post-type=\"elementor_library\">\n\t\t\t<div class=\"elementor-element elementor-element-e68ef5a e-flex e-con-boxed e-con e-parent\" data-id=\"e68ef5a\" data-element_type=\"container\" data-e-type=\"container\">\n\t\t\t\t\t<div class=\"e-con-inner\">\n\t\t<div class=\"elementor-element elementor-element-e2fece2 e-con-full e-flex e-con e-child\" data-id=\"e2fece2\" data-element_type=\"container\" data-e-type=\"container\">\n\t\t\t\t<div class=\"elementor-element elementor-element-f533d3e elementor-widget elementor-widget-heading\" data-id=\"f533d3e\" data-element_type=\"widget\" data-e-type=\"widget\" data-widget_type=\"heading.default\">\n\t\t\t\t<div class=\"elementor-widget-container\">\n\t\t\t\t\t<h3 class=\"elementor-heading-title elementor-size-large\">Los veh\u00edculos m\u00e1s solicitados en Guayaquil<\/h3>\t\t\t\t<\/div>\n\t\t\t\t<\/div>\n\t\t\t\t<div class=\"elementor-element elementor-element-45bfeea elementor-grid-4 elementor-posts--align-center elementor-grid-tablet-2 elementor-grid-mobile-1 elementor-posts--thumbnail-top load-more-align-center elementor-widget elementor-widget-posts\" data-id=\"45bfeea\" data-element_type=\"widget\" data-e-type=\"widget\" data-settings=\"{&quot;classic_columns&quot;:&quot;4&quot;,&quot;pagination_type&quot;:&quot;load_more_on_click&quot;,&quot;classic_row_gap&quot;:{&quot;unit&quot;:&quot;px&quot;,&quot;size&quot;:46,&quot;sizes&quot;:[]},&quot;classic_columns_tablet&quot;:&quot;2&quot;,&quot;classic_columns_mobile&quot;:&quot;1&quot;,&quot;classic_row_gap_tablet&quot;:{&quot;unit&quot;:&quot;px&quot;,&quot;size&quot;:&quot;&quot;,&quot;sizes&quot;:[]},&quot;classic_row_gap_mobile&quot;:{&quot;unit&quot;:&quot;px&quot;,&quot;size&quot;:&quot;&quot;,&quot;sizes&quot;:[]},&quot;load_more_spinner&quot;:{&quot;value&quot;:&quot;fas fa-spinner&quot;,&quot;library&quot;:&quot;fa-solid&quot;}}\" data-widget_type=\"posts.classic\">\n\t\t\t\t<div class=\"elementor-widget-container\">\n\t\t\t\t\t\t\t<div class=\"elementor-posts-container elementor-posts elementor-posts--skin-classic elementor-grid\" role=\"list\">\n\t\t\t\t<article class=\"elementor-post elementor-grid-item post-4529 post type-post status-publish format-standard has-post-thumbnail hentry category-productos category-auto category-suv wpbf-post\" role=\"listitem\">\n\t\t\t\t<a class=\"elementor-post__thumbnail__link\" href=\"https:\/\/www.carmaxrentacar.com\/guayaquil\/nissan-qashqai-automatico.html\" tabindex=\"-1\">\n\t\t\t<div class=\"elementor-post__thumbnail\"><img fetchpriority=\"high\" decoding=\"async\" width=\"1119\" height=\"678\" src=\"https:\/\/www.carmaxrentacar.com\/guayaquil\/wp-content\/uploads\/2021\/10\/Qashqai-portada.webp\" class=\"attachment-full size-full wp-image-10358\" alt=\"Alquiler de SUV Guayaquil alquiler de nissan Qashqai guayaquil\" title=\"\" srcset=\"https:\/\/www.carmaxrentacar.com\/guayaquil\/wp-content\/uploads\/2021\/10\/Qashqai-portada.webp 1119w, https:\/\/www.carmaxrentacar.com\/guayaquil\/wp-content\/uploads\/2021\/10\/Qashqai-portada-300x182.webp 300w, https:\/\/www.carmaxrentacar.com\/guayaquil\/wp-content\/uploads\/2021\/10\/Qashqai-portada-1024x620.webp 1024w, https:\/\/www.carmaxrentacar.com\/guayaquil\/wp-content\/uploads\/2021\/10\/Qashqai-portada-768x465.webp 768w\" sizes=\"(max-width: 1119px) 100vw, 1119px\" \/><\/div>\n\t\t<\/a>\n\t\t\t\t<div class=\"elementor-post__text\">\n\t\t\t\t<h3 class=\"elementor-post__title\">\n\t\t\t<a href=\"https:\/\/www.carmaxrentacar.com\/guayaquil\/nissan-qashqai-automatico.html\">\n\t\t\t\tAlquiler de Nissan Qashqai Autom\u00e1tico\t\t\t<\/a>\n\t\t<\/h3>\n\t\t\t\t<\/div>\n\t\t\t\t<\/article>\n\t\t\t\t<article class=\"elementor-post elementor-grid-item post-4505 post type-post status-publish format-standard has-post-thumbnail hentry category-productos wpbf-post\" role=\"listitem\">\n\t\t\t\t<a class=\"elementor-post__thumbnail__link\" href=\"https:\/\/www.carmaxrentacar.com\/guayaquil\/chevrolet-sail-mecanico-5-puertas.html\" tabindex=\"-1\">\n\t\t\t<div class=\"elementor-post__thumbnail\"><img decoding=\"async\" width=\"307\" height=\"310\" src=\"https:\/\/www.carmaxrentacar.com\/guayaquil\/wp-content\/uploads\/2021\/10\/Chevrolet-Sail-Mecanico-5-Puertas.jpg\" class=\"attachment-full size-full wp-image-4513\" alt=\"Chevrolet Sail Mec\u00e1nico 5 Puertas\" title=\"\" srcset=\"https:\/\/www.carmaxrentacar.com\/guayaquil\/wp-content\/uploads\/2021\/10\/Chevrolet-Sail-Mecanico-5-Puertas.jpg 307w, https:\/\/www.carmaxrentacar.com\/guayaquil\/wp-content\/uploads\/2021\/10\/Chevrolet-Sail-Mecanico-5-Puertas-297x300.jpg 297w, https:\/\/www.carmaxrentacar.com\/guayaquil\/wp-content\/uploads\/2021\/10\/Chevrolet-Sail-Mecanico-5-Puertas-150x150.jpg 150w\" sizes=\"(max-width: 307px) 100vw, 307px\" \/><\/div>\n\t\t<\/a>\n\t\t\t\t<div class=\"elementor-post__text\">\n\t\t\t\t<h3 class=\"elementor-post__title\">\n\t\t\t<a href=\"https:\/\/www.carmaxrentacar.com\/guayaquil\/chevrolet-sail-mecanico-5-puertas.html\">\n\t\t\t\tChevrolet Sail Mec\u00e1nico 5 Puertas\t\t\t<\/a>\n\t\t<\/h3>\n\t\t\t\t<\/div>\n\t\t\t\t<\/article>\n\t\t\t\t<article class=\"elementor-post elementor-grid-item post-4545 post type-post status-publish format-standard has-post-thumbnail hentry category-productos wpbf-post\" role=\"listitem\">\n\t\t\t\t<a class=\"elementor-post__thumbnail__link\" href=\"https:\/\/www.carmaxrentacar.com\/guayaquil\/chevrolet-captiva-mecanico.html\" tabindex=\"-1\">\n\t\t\t<div class=\"elementor-post__thumbnail\"><img decoding=\"async\" width=\"324\" height=\"341\" src=\"https:\/\/www.carmaxrentacar.com\/guayaquil\/wp-content\/uploads\/2021\/10\/Chevrolet-Captiva-Mecanico.jpg\" class=\"attachment-full size-full wp-image-4538\" alt=\"Chevrolet Captiva Mec\u00e1nico\" title=\"\" srcset=\"https:\/\/www.carmaxrentacar.com\/guayaquil\/wp-content\/uploads\/2021\/10\/Chevrolet-Captiva-Mecanico.jpg 324w, https:\/\/www.carmaxrentacar.com\/guayaquil\/wp-content\/uploads\/2021\/10\/Chevrolet-Captiva-Mecanico-285x300.jpg 285w\" sizes=\"(max-width: 324px) 100vw, 324px\" \/><\/div>\n\t\t<\/a>\n\t\t\t\t<div class=\"elementor-post__text\">\n\t\t\t\t<h3 class=\"elementor-post__title\">\n\t\t\t<a href=\"https:\/\/www.carmaxrentacar.com\/guayaquil\/chevrolet-captiva-mecanico.html\">\n\t\t\t\tChevrolet Captiva Mec\u00e1nico\t\t\t<\/a>\n\t\t<\/h3>\n\t\t\t\t<\/div>\n\t\t\t\t<\/article>\n\t\t\t\t<article class=\"elementor-post elementor-grid-item post-6235 post type-post status-publish format-standard has-post-thumbnail hentry category-auto category-productos category-suv wpbf-post\" role=\"listitem\">\n\t\t\t\t<a class=\"elementor-post__thumbnail__link\" href=\"https:\/\/www.carmaxrentacar.com\/guayaquil\/jetour-x70-automatico.html\" tabindex=\"-1\">\n\t\t\t<div class=\"elementor-post__thumbnail\"><img loading=\"lazy\" decoding=\"async\" width=\"1119\" height=\"678\" src=\"https:\/\/www.carmaxrentacar.com\/guayaquil\/wp-content\/uploads\/2024\/04\/web-jetour.jpg\" class=\"attachment-full size-full wp-image-6246\" alt=\"JETOUR X50 Autom\u00e1tico\" title=\"\" srcset=\"https:\/\/www.carmaxrentacar.com\/guayaquil\/wp-content\/uploads\/2024\/04\/web-jetour.jpg 1119w, https:\/\/www.carmaxrentacar.com\/guayaquil\/wp-content\/uploads\/2024\/04\/web-jetour-300x182.jpg 300w, https:\/\/www.carmaxrentacar.com\/guayaquil\/wp-content\/uploads\/2024\/04\/web-jetour-1024x620.jpg 1024w, https:\/\/www.carmaxrentacar.com\/guayaquil\/wp-content\/uploads\/2024\/04\/web-jetour-768x465.jpg 768w\" sizes=\"(max-width: 1119px) 100vw, 1119px\" \/><\/div>\n\t\t<\/a>\n\t\t\t\t<div class=\"elementor-post__text\">\n\t\t\t\t<h3 class=\"elementor-post__title\">\n\t\t\t<a href=\"https:\/\/www.carmaxrentacar.com\/guayaquil\/jetour-x70-automatico.html\">\n\t\t\t\tAlquiler de JETOUR X50 Autom\u00e1tico 5 pasajeros\t\t\t<\/a>\n\t\t<\/h3>\n\t\t\t\t<\/div>\n\t\t\t\t<\/article>\n\t\t\t\t<article class=\"elementor-post elementor-grid-item post-5341 post type-post status-publish format-standard has-post-thumbnail hentry category-auto category-productos wpbf-post\" role=\"listitem\">\n\t\t\t\t<a class=\"elementor-post__thumbnail__link\" href=\"https:\/\/www.carmaxrentacar.com\/guayaquil\/alquiler-de-kia-soluto-guayaquil.html\" tabindex=\"-1\">\n\t\t\t<div class=\"elementor-post__thumbnail\"><img loading=\"lazy\" decoding=\"async\" width=\"2100\" height=\"1259\" src=\"https:\/\/www.carmaxrentacar.com\/guayaquil\/wp-content\/uploads\/2023\/02\/SOLUTo.jpg\" class=\"attachment-full size-full wp-image-5345\" alt=\"\" title=\"\" srcset=\"https:\/\/www.carmaxrentacar.com\/guayaquil\/wp-content\/uploads\/2023\/02\/SOLUTo.jpg 2100w, https:\/\/www.carmaxrentacar.com\/guayaquil\/wp-content\/uploads\/2023\/02\/SOLUTo-300x180.jpg 300w, https:\/\/www.carmaxrentacar.com\/guayaquil\/wp-content\/uploads\/2023\/02\/SOLUTo-1024x614.jpg 1024w, https:\/\/www.carmaxrentacar.com\/guayaquil\/wp-content\/uploads\/2023\/02\/SOLUTo-768x460.jpg 768w, https:\/\/www.carmaxrentacar.com\/guayaquil\/wp-content\/uploads\/2023\/02\/SOLUTo-1536x921.jpg 1536w, https:\/\/www.carmaxrentacar.com\/guayaquil\/wp-content\/uploads\/2023\/02\/SOLUTo-2048x1228.jpg 2048w\" sizes=\"(max-width: 2100px) 100vw, 2100px\" \/><\/div>\n\t\t<\/a>\n\t\t\t\t<div class=\"elementor-post__text\">\n\t\t\t\t<h3 class=\"elementor-post__title\">\n\t\t\t<a href=\"https:\/\/www.carmaxrentacar.com\/guayaquil\/alquiler-de-kia-soluto-guayaquil.html\">\n\t\t\t\tAlquiler de KIA Soluto Guayaquil\t\t\t<\/a>\n\t\t<\/h3>\n\t\t\t\t<\/div>\n\t\t\t\t<\/article>\n\t\t\t\t<article class=\"elementor-post elementor-grid-item post-4371 post type-post status-publish format-standard has-post-thumbnail hentry category-productos category-auto wpbf-post\" role=\"listitem\">\n\t\t\t\t<a class=\"elementor-post__thumbnail__link\" href=\"https:\/\/www.carmaxrentacar.com\/guayaquil\/furgonte-hyundai-h1-11pasajeros-mecanico.html\" tabindex=\"-1\">\n\t\t\t<div class=\"elementor-post__thumbnail\"><img loading=\"lazy\" decoding=\"async\" width=\"317\" height=\"318\" src=\"https:\/\/www.carmaxrentacar.com\/guayaquil\/wp-content\/uploads\/2021\/10\/Furgonte-Hyundai-H1-11Pasajeros-MECANICO.jpg\" class=\"attachment-full size-full wp-image-4373\" alt=\"Furgonte Hyundai H1- 11Pasajeros- MECANICO\" title=\"\" srcset=\"https:\/\/www.carmaxrentacar.com\/guayaquil\/wp-content\/uploads\/2021\/10\/Furgonte-Hyundai-H1-11Pasajeros-MECANICO.jpg 317w, https:\/\/www.carmaxrentacar.com\/guayaquil\/wp-content\/uploads\/2021\/10\/Furgonte-Hyundai-H1-11Pasajeros-MECANICO-300x300.jpg 300w, https:\/\/www.carmaxrentacar.com\/guayaquil\/wp-content\/uploads\/2021\/10\/Furgonte-Hyundai-H1-11Pasajeros-MECANICO-150x150.jpg 150w\" sizes=\"(max-width: 317px) 100vw, 317px\" \/><\/div>\n\t\t<\/a>\n\t\t\t\t<div class=\"elementor-post__text\">\n\t\t\t\t<h3 class=\"elementor-post__title\">\n\t\t\t<a href=\"https:\/\/www.carmaxrentacar.com\/guayaquil\/furgonte-hyundai-h1-11pasajeros-mecanico.html\">\n\t\t\t\tFurgoneta Hyundai H1- 11 Pasajeros- MECANICO\t\t\t<\/a>\n\t\t<\/h3>\n\t\t\t\t<\/div>\n\t\t\t\t<\/article>\n\t\t\t\t<article class=\"elementor-post elementor-grid-item post-4327 post type-post status-publish format-standard has-post-thumbnail hentry category-productos wpbf-post\" role=\"listitem\">\n\t\t\t\t<a class=\"elementor-post__thumbnail__link\" href=\"https:\/\/www.carmaxrentacar.com\/guayaquil\/kia-carnival-automatica.html\" tabindex=\"-1\">\n\t\t\t<div class=\"elementor-post__thumbnail\"><img loading=\"lazy\" decoding=\"async\" width=\"307\" height=\"312\" src=\"https:\/\/www.carmaxrentacar.com\/guayaquil\/wp-content\/uploads\/2021\/10\/Kia-Carnival-Automatica.jpg\" class=\"attachment-full size-full wp-image-4329\" alt=\"Kia Carnival Autom\u00e1tica\" title=\"\" srcset=\"https:\/\/www.carmaxrentacar.com\/guayaquil\/wp-content\/uploads\/2021\/10\/Kia-Carnival-Automatica.jpg 307w, https:\/\/www.carmaxrentacar.com\/guayaquil\/wp-content\/uploads\/2021\/10\/Kia-Carnival-Automatica-295x300.jpg 295w\" sizes=\"(max-width: 307px) 100vw, 307px\" \/><\/div>\n\t\t<\/a>\n\t\t\t\t<div class=\"elementor-post__text\">\n\t\t\t\t<h3 class=\"elementor-post__title\">\n\t\t\t<a href=\"https:\/\/www.carmaxrentacar.com\/guayaquil\/kia-carnival-automatica.html\">\n\t\t\t\tKia Carnival Autom\u00e1tica\t\t\t<\/a>\n\t\t<\/h3>\n\t\t\t\t<\/div>\n\t\t\t\t<\/article>\n\t\t\t\t<article class=\"elementor-post elementor-grid-item post-5433 post type-post status-publish format-standard has-post-thumbnail hentry category-productos wpbf-post\" role=\"listitem\">\n\t\t\t\t<a class=\"elementor-post__thumbnail__link\" href=\"https:\/\/www.carmaxrentacar.com\/guayaquil\/hyundai-staria.html\" tabindex=\"-1\">\n\t\t\t<div class=\"elementor-post__thumbnail\"><img loading=\"lazy\" decoding=\"async\" width=\"1200\" height=\"580\" src=\"https:\/\/www.carmaxrentacar.com\/guayaquil\/wp-content\/uploads\/2023\/04\/hyundai-staria.jpg\" class=\"attachment-full size-full wp-image-6170\" alt=\"Hyundai Staria guayaquil ecuador alquiler de autos\" title=\"\" srcset=\"https:\/\/www.carmaxrentacar.com\/guayaquil\/wp-content\/uploads\/2023\/04\/hyundai-staria.jpg 1200w, https:\/\/www.carmaxrentacar.com\/guayaquil\/wp-content\/uploads\/2023\/04\/hyundai-staria-300x145.jpg 300w, https:\/\/www.carmaxrentacar.com\/guayaquil\/wp-content\/uploads\/2023\/04\/hyundai-staria-1024x495.jpg 1024w, https:\/\/www.carmaxrentacar.com\/guayaquil\/wp-content\/uploads\/2023\/04\/hyundai-staria-768x371.jpg 768w\" sizes=\"(max-width: 1200px) 100vw, 1200px\" \/><\/div>\n\t\t<\/a>\n\t\t\t\t<div class=\"elementor-post__text\">\n\t\t\t\t<h3 class=\"elementor-post__title\">\n\t\t\t<a href=\"https:\/\/www.carmaxrentacar.com\/guayaquil\/hyundai-staria.html\">\n\t\t\t\tAlquiler de Hyundai Staria Guayaquil\t\t\t<\/a>\n\t\t<\/h3>\n\t\t\t\t<\/div>\n\t\t\t\t<\/article>\n\t\t\t\t<\/div>\n\t\t\t\t\t<span class=\"e-load-more-spinner\">\n\t\t\t\t<i aria-hidden=\"true\" class=\"fas fa-spinner\"><\/i>\t\t\t<\/span>\n\t\t\n\t\t\t\t<div class=\"e-load-more-anchor\" data-page=\"1\" data-max-page=\"2\" data-next-page=\"https:\/\/www.carmaxrentacar.com\/guayaquil\/wp-json\/wp\/v2\/posts\/712\/page\/2\"><\/div>\n\t\t\t\t<div class=\"elementor-button-wrapper\">\n\t\t\t<a class=\"elementor-button elementor-size-sm\" role=\"button\">\n\t\t\t\t\t\t<span class=\"elementor-button-content-wrapper\">\n\t\t\t\t\t\t\t<span class=\"elementor-button-icon\">\n\t\t\t\t<i aria-hidden=\"true\" class=\"fas fa-plus-circle\"><\/i>\t\t\t<\/span>\n\t\t\t\t\t\t\t\t\t<span class=\"elementor-button-text\">Cargar m\u00e1s<\/span>\n\t\t\t\t\t<\/span>\n\t\t\t\t\t<\/a>\n\t\t<\/div>\n\t\t\t\t<div class=\"e-load-more-message\"><\/div>\n\t\t\t\t\t\t<\/div>\n\t\t\t\t<\/div>\n\t\t\t\t<\/div>\n\t\t\t\t\t<\/div>\n\t\t\t\t<\/div>\n\t\t\t\t<\/div>\n\t\t<\/div>\n\t\t\t\t\t\t<\/div>\n\t\t\t\t<\/div>\n\t\t\t\t\t<\/div>\n\t\t<\/div>\n\t\t\t\t\t<\/div>\n\t\t<\/section>\n\t\t\t\t<\/div>\n\t\t","protected":false},"excerpt":{"rendered":"<p>Hyundai Tucson IX Autom\u00e1tico Hyundai IX Autom\u00e1tico Este es un SUV de lujo, autom\u00e1tico e h\u00edbrido, especial para viajes largos por su comodidad y ahorro<\/p>\n","protected":false},"author":1,"featured_media":994,"comment_status":"closed","ping_status":"closed","sticky":false,"template":"","format":"standard","meta":{"footnotes":""},"categories":[1],"tags":[],"class_list":["post-712","post","type-post","status-publish","format-standard","has-post-thumbnail","hentry","category-sin-categoria","wpbf-post"],"_links":{"self":[{"href":"https:\/\/www.carmaxrentacar.com\/guayaquil\/wp-json\/wp\/v2\/posts\/712","targetHints":{"allow":["GET"]}}],"collection":[{"href":"https:\/\/www.carmaxrentacar.com\/guayaquil\/wp-json\/wp\/v2\/posts"}],"about":[{"href":"https:\/\/www.carmaxrentacar.com\/guayaquil\/wp-json\/wp\/v2\/types\/post"}],"author":[{"embeddable":true,"href":"https:\/\/www.carmaxrentacar.com\/guayaquil\/wp-json\/wp\/v2\/users\/1"}],"replies":[{"embeddable":true,"href":"https:\/\/www.carmaxrentacar.com\/guayaquil\/wp-json\/wp\/v2\/comments?post=712"}],"version-history":[{"count":0,"href":"https:\/\/www.carmaxrentacar.com\/guayaquil\/wp-json\/wp\/v2\/posts\/712\/revisions"}],"wp:featuredmedia":[{"embeddable":true,"href":"https:\/\/www.carmaxrentacar.com\/guayaquil\/wp-json\/wp\/v2\/media\/994"}],"wp:attachment":[{"href":"https:\/\/www.carmaxrentacar.com\/guayaquil\/wp-json\/wp\/v2\/media?parent=712"}],"wp:term":[{"taxonomy":"category","embeddable":true,"href":"https:\/\/www.carmaxrentacar.com\/guayaquil\/wp-json\/wp\/v2\/categories?post=712"},{"taxonomy":"post_tag","embeddable":true,"href":"https:\/\/www.carmaxrentacar.com\/guayaquil\/wp-json\/wp\/v2\/tags?post=712"}],"curies":[{"name":"wp","href":"https:\/\/api.w.org\/{rel}","templated":true}]}}