{"id":2248,"date":"2018-10-08T12:44:43","date_gmt":"2018-10-08T17:44:43","guid":{"rendered":"https:\/\/www.carmaxrentacar.com\/guayaquil\/?p=2248"},"modified":"2019-01-18T12:23:33","modified_gmt":"2019-01-18T17:23:33","slug":"rent-a-car-guayaquil","status":"publish","type":"post","link":"https:\/\/www.carmaxrentacar.com\/guayaquil\/rent-a-car-guayaquil.html","title":{"rendered":"Rent a car Guayaquil"},"content":{"rendered":"\t\t<div data-elementor-type=\"wp-post\" data-elementor-id=\"2248\" class=\"elementor elementor-2248 elementor-bc-flex-widget\" data-elementor-post-type=\"post\">\n\t\t\t\t\t\t<section class=\"elementor-section elementor-top-section elementor-element elementor-element-d523ab3 elementor-section-stretched elementor-section-full_width elementor-section-height-default elementor-section-height-default\" data-id=\"d523ab3\" data-element_type=\"section\" data-e-type=\"section\" data-settings=\"{&quot;stretch_section&quot;:&quot;section-stretched&quot;}\">\n\t\t\t\t\t\t<div class=\"elementor-container elementor-column-gap-no\">\n\t\t\t\t\t<div class=\"elementor-column elementor-col-100 elementor-top-column elementor-element elementor-element-4004c2d\" data-id=\"4004c2d\" data-element_type=\"column\" data-e-type=\"column\">\n\t\t\t<div class=\"elementor-widget-wrap elementor-element-populated\">\n\t\t\t\t\t\t<div class=\"elementor-element elementor-element-c55342b elementor-pagination-position-outside elementor-widget elementor-widget-image-carousel\" data-id=\"c55342b\" data-element_type=\"widget\" data-e-type=\"widget\" data-settings=\"{&quot;slides_to_show&quot;:&quot;1&quot;,&quot;navigation&quot;:&quot;dots&quot;,&quot;pause_on_hover&quot;:&quot;no&quot;,&quot;speed&quot;:300,&quot;autoplay&quot;:&quot;yes&quot;,&quot;pause_on_interaction&quot;:&quot;yes&quot;,&quot;autoplay_speed&quot;:5000,&quot;infinite&quot;:&quot;yes&quot;,&quot;effect&quot;:&quot;slide&quot;}\" data-widget_type=\"image-carousel.default\">\n\t\t\t\t<div class=\"elementor-widget-container\">\n\t\t\t\t\t\t\t<div class=\"elementor-image-carousel-wrapper swiper\" role=\"region\" aria-roledescription=\"carousel\" aria-label=\"Carrusel de im\u00e1genes\" dir=\"ltr\">\n\t\t\t<div class=\"elementor-image-carousel swiper-wrapper swiper-image-stretch\" aria-live=\"off\">\n\t\t\t\t\t\t\t\t<div class=\"swiper-slide\" role=\"group\" aria-roledescription=\"slide\" aria-label=\"1 de 2\"><figure class=\"swiper-slide-inner\"><img decoding=\"async\" class=\"swiper-slide-image\" src=\"https:\/\/www.carmaxrentacar.com\/guayaquil\/wp-content\/uploads\/2018\/10\/renta-car-guayaquil.jpg\" alt=\"Renta car Guayaquil\" title=\"\"><\/figure><\/div><div class=\"swiper-slide\" role=\"group\" aria-roledescription=\"slide\" aria-label=\"2 de 2\"><figure class=\"swiper-slide-inner\"><img decoding=\"async\" class=\"swiper-slide-image\" src=\"https:\/\/www.carmaxrentacar.com\/guayaquil\/wp-content\/uploads\/2018\/05\/alquiler-de-autos-guayaquil-ecuador.jpg\" alt=\"alquiler-de-autos-guayaquil-ecuador\" title=\"\"><\/figure><\/div>\t\t\t<\/div>\n\t\t\t\t\t\t\t\n\t\t\t\t\t\t\t\t\t<div class=\"swiper-pagination\"><\/div>\n\t\t\t\t\t\t\t\t\t<\/div>\n\t\t\t\t\t\t<\/div>\n\t\t\t\t<\/div>\n\t\t\t\t\t<\/div>\n\t\t<\/div>\n\t\t\t\t\t<\/div>\n\t\t<\/section>\n\t\t\t\t<section class=\"elementor-section elementor-top-section elementor-element elementor-element-491cc6a elementor-section-boxed elementor-section-height-default elementor-section-height-default\" data-id=\"491cc6a\" data-element_type=\"section\" data-e-type=\"section\">\n\t\t\t\t\t\t<div class=\"elementor-container elementor-column-gap-default\">\n\t\t\t\t\t<div class=\"elementor-column elementor-col-100 elementor-top-column elementor-element elementor-element-85d997a\" data-id=\"85d997a\" data-element_type=\"column\" data-e-type=\"column\">\n\t\t\t<div class=\"elementor-widget-wrap elementor-element-populated\">\n\t\t\t\t\t\t<div class=\"elementor-element elementor-element-3e44e7b elementor-widget elementor-widget-heading\" data-id=\"3e44e7b\" data-element_type=\"widget\" data-e-type=\"widget\" data-widget_type=\"heading.default\">\n\t\t\t\t<div class=\"elementor-widget-container\">\n\t\t\t\t\t<h1 class=\"elementor-heading-title elementor-size-large\">Rent a car Guayaquil<\/h1>\t\t\t\t<\/div>\n\t\t\t\t<\/div>\n\t\t\t\t<div class=\"elementor-element elementor-element-dd9c7a7 elementor-widget elementor-widget-text-editor\" data-id=\"dd9c7a7\" data-element_type=\"widget\" data-e-type=\"widget\" data-widget_type=\"text-editor.default\">\n\t\t\t\t<div class=\"elementor-widget-container\">\n\t\t\t\t\t\t\t\t\t<p>Este es el momento de conseguir un veh\u00edculo para tus vacaciones o negocios sin problemas ni condiciones, con la ventaja de que nos puedes encontrar frente al aeropuerto de Guayaquil Jose Joaquin de Olmedo cerca de la Alborada en la Av. De Las Am\u00e9ricas pasando \u201cPelucas y Postizos\u201d, Ciudadela Sim\u00f3n Bol\u00edvar Mz. 4 Solar 25. Encontraras veh\u00edculos de todos los tama\u00f1os y precios.<\/p><p>CARMAX S.A. es una empresa de alquiler de coches ecuatoriana que est\u00e1 presente en Guayaquil . Contamos con una moderna y variada flota de veh\u00edculos, por lo que, tanto si viaja por turismo como si lo hace por motivos profesionales, podr\u00e1 reservar un veh\u00edculo adecuado para su viaje. Disponemos de marcas tan reconocidas como FORD, HYUNDAI, KIA, CHEVROLET, entre otros. Adem\u00e1s de ofrecer todo tipo extras y accesorios le permitir\u00e1n moverse por la ciudad o el pa\u00eds completamente equipado.<\/p><h2><strong>\u00bfA D\u00d3NDE IR EN ECUADOR?<\/strong><\/h2><p>Despu\u00e9s de recoger su autom\u00f3vil en Carmax rent a car aeropuerto , conduzca hasta las playas y disfrute de la belleza de la Ruta de Spondylus o Ruta del Surf como Monta\u00f1ita, Salinas, Los Frailes, Atacames, Mompiche y mucho m\u00e1s. Aqu\u00ed podr\u00e1 deleitarse de la gastronom\u00eda local, tambi\u00e9n puedes salir a alta mar a hacer buceo, de noche puedes disfrutar de la buena m\u00fasica, bares, fiestas, en toda la playa.<\/p><p>Descubre la Capital del Ecuador, hogar de una agitada vida urbana, vibrante vida nocturna y una fascinante ciudad declarada Patrimonio de la Humanidad por la Unesco, por sus arquitecturas Coloniales, Templos Religiosos, Monasterios y Monumentos que son considerados centro hist\u00f3rico m\u00e1s grande, menos alterado y mejor preservado de Am\u00e9rica.<\/p><p>Conoce una de las Ciudades m\u00e1s bellas del Ecuador por La riqueza de su arquitectura y cultura en general merecieron a Cuenca el nombramiento de Patrimonio Cultural de la Humanidad. Est\u00e1 formado por la zona residencial m\u00e1s antigua. Aqu\u00ed encontramos una gran cantidad de edificaciones de estilo colonial y republicanas de gran hermosura, la zona arqueol\u00f3gica, los barrios artesanales, los mercados centrales, el Barranco del Tomebamba son sitios de importancia paisajista y cultural que muestran el porqu\u00e9 de la declaratoria como ciudad Patrimonio Cultural.<\/p><p>En Guayaquil considerado como el \u00abRuise\u00f1or de Am\u00e9rica\u00bb ofrece una amplia variedad de actividades para divertirse y relajarse. Alquilar un autom\u00f3vil en Guayaquil es imprescindible si desea visitar las numerosas playas o conocer la cultura local. Esperamos que esta informaci\u00f3n le resulte \u00fatil. Gracias por pensar en<strong> CARMAX Rent a car<\/strong> Alborada para su alquiler de autom\u00f3viles en Guayaquil.<\/p>\t\t\t\t\t\t\t\t<\/div>\n\t\t\t\t<\/div>\n\t\t\t\t<div class=\"elementor-element elementor-element-d87c33d elementor-widget elementor-widget-text-editor\" data-id=\"d87c33d\" data-element_type=\"widget\" data-e-type=\"widget\" data-widget_type=\"text-editor.default\">\n\t\t\t\t<div class=\"elementor-widget-container\">\n\t\t\t\t\t\t\t\t\t<p>Consejos para Alquilar un Auto en Guayaquil Ecuador<\/p><ul><li>El 25% de nuestros usuarios encontr\u00f3 autos de alquiler en Ciudad de Guayaquil por 40 d\u00f3lares diarios o menos en nuestra pagina web<\/li><li>Reserva tu auto de alquiler en la Ciudad de Guayaquil por lo menos 3 d\u00edas antes de tu viaje para conseguir un precio por debajo del promedio ya que el mismo d\u00eda los precios tienden a subir<\/li><li>Las oficinas de renta de autos dentro del aeropuerto de Ciudad de Guayaquil son en promedio un 15% m\u00e1s caras por costos operativos<\/li><li>En promedio, los autos de alquiler de tipo Econ\u00f3mico en Ciudad de Guayaquil son alrededor de un 25% m\u00e1s baratos que otro tipo de veh\u00edculos en relaci\u00f3n a suv o camionetas.<\/li><\/ul><p><strong>Preguntas frecuentes sobre alquiler de autos en Ciudad de Guayaquil Ecuador<\/strong><\/p><ol><li>Cu\u00e1nto cuesta alquilar un auto en Ciudad de Guayaquil?<ul><li>Un auto de alquiler en Ciudad de Guayaquil cuesta $40 por d\u00eda y se alquilan por m\u00e1s de 3 d\u00edas.<\/li><\/ul><\/li><li>\u00bfCu\u00e1l es la mejor agencia de alquiler de autos en Ciudad de Guayaquil?<ul><li>Autos de alquiler la mejor agencia la que te de la mejor <strong>confianza<\/strong> al momento de realizar tu alquiler<\/li><\/ul><\/li><li>Cu\u00e1l es el lugar m\u00e1s barato para alquilar un auto en Ciudad de Guayaquil?<ul><li>Los autos de alquiler m\u00e1s baratos son aquella que no te ofrecen garant\u00eda ni responsabilidades as\u00ed que usted decide \u2026.<\/li><\/ul><\/li><\/ol>\t\t\t\t\t\t\t\t<\/div>\n\t\t\t\t<\/div>\n\t\t\t\t\t<\/div>\n\t\t<\/div>\n\t\t\t\t\t<\/div>\n\t\t<\/section>\n\t\t\t\t<section class=\"elementor-section elementor-top-section elementor-element elementor-element-41977b87 elementor-section-boxed elementor-section-height-default elementor-section-height-default elementor-invisible\" data-id=\"41977b87\" data-element_type=\"section\" data-e-type=\"section\" data-settings=\"{&quot;animation&quot;:&quot;shake&quot;}\">\n\t\t\t\t\t\t<div class=\"elementor-container elementor-column-gap-default\">\n\t\t\t\t\t<div class=\"elementor-column elementor-col-100 elementor-top-column elementor-element elementor-element-498e8b80\" data-id=\"498e8b80\" data-element_type=\"column\" data-e-type=\"column\">\n\t\t\t<div class=\"elementor-widget-wrap elementor-element-populated\">\n\t\t\t\t\t\t<div class=\"elementor-element elementor-element-7dddfd30 elementor-widget elementor-widget-text-editor\" data-id=\"7dddfd30\" data-element_type=\"widget\" data-e-type=\"widget\" data-widget_type=\"text-editor.default\">\n\t\t\t\t<div class=\"elementor-widget-container\">\n\t\t\t\t\t\t\t\t\t<p class=\"big1\"><a class=\"wslink\" href=\"https:\/\/api.whatsapp.com\/send?phone=593999616161\" target=\"_blank\" rel=\"noopener\">\n<i class=\"fa fa-whatsapp\"><\/i> 0999 61 61 61<\/a><\/p>\n<p style=\"text-align:center;\"><i class=\"fa fa-phone\"><\/i> Tel\u00e9fonos: <a class=\"clean white\" href=\"tel:+5934-292-4995\">042924995<\/a> &#8211; <a class=\"clean white\" href=\"tel:+5934-292-4058\">042924058<\/a> &#8211; <a class=\"clean white\" href=\"tel:+5934-292-4980\">042924980<\/a><\/p>\t\t\t\t\t\t\t\t<\/div>\n\t\t\t\t<\/div>\n\t\t\t\t\t<\/div>\n\t\t<\/div>\n\t\t\t\t\t<\/div>\n\t\t<\/section>\n\t\t\t\t<section class=\"elementor-section elementor-top-section elementor-element elementor-element-b765540 elementor-section-boxed elementor-section-height-default elementor-section-height-default\" data-id=\"b765540\" data-element_type=\"section\" data-e-type=\"section\">\n\t\t\t\t\t\t<div class=\"elementor-container elementor-column-gap-default\">\n\t\t\t\t\t<div class=\"elementor-column elementor-col-100 elementor-top-column elementor-element elementor-element-8f6438e\" data-id=\"8f6438e\" data-element_type=\"column\" data-e-type=\"column\">\n\t\t\t<div class=\"elementor-widget-wrap elementor-element-populated\">\n\t\t\t\t\t\t<div class=\"elementor-element elementor-element-ea17718 elementor-widget elementor-widget-html\" data-id=\"ea17718\" data-element_type=\"widget\" data-e-type=\"widget\" data-widget_type=\"html.default\">\n\t\t\t\t<div class=\"elementor-widget-container\">\n\t\t\t\t\t<div class=\"rightx pulse\">\r\n            <span data-placement=\"bottom\" title=\"dReserva Ahora\">\r\n                <a class=\"clean animate-flicker\" target=\"_blank\" href=\"https:\/\/api.whatsapp.com\/send?phone=593999616161\" rel=\"noopener\">\r\n                    \r\n                    <img decoding=\"async\" src=\"https:\/\/www.carmaxrentacar.com\/img\/mayo2018\/wslogo.png\" width=\"70px;\" alt=\"\" title=\"\">\r\n                    <p class=\"wsr\" style=\"padding-top: 5px;\">Reserva Ahora<\/p>\r\n                <\/a>\r\n            <\/span>\r\n        <\/div>\t\t\t\t<\/div>\n\t\t\t\t<\/div>\n\t\t\t\t\t<\/div>\n\t\t<\/div>\n\t\t\t\t\t<\/div>\n\t\t<\/section>\n\t\t\t\t<\/div>\n\t\t","protected":false},"excerpt":{"rendered":"<p>Este es el momento de conseguir un veh\u00edculo para tus vacaciones o negocios sin problemas ni condiciones, con la ventaja de que nos puedes encontrar frente al aeropuerto de Guayaquil Jose Joaquin de Olmedo cerca de la Alborada en la Av. De Las Am\u00e9ricas pasando \u201cPelucas y Postizos\u201d, Ciudadela Sim\u00f3n Bol\u00edvar Mz. 4 Solar 25. [&hellip;]<\/p>\n","protected":false},"author":1,"featured_media":0,"comment_status":"open","ping_status":"open","sticky":false,"template":"","format":"standard","meta":{"footnotes":""},"categories":[301],"tags":[],"class_list":["post-2248","post","type-post","status-publish","format-standard","hentry","category-servicio","wpbf-post"],"_links":{"self":[{"href":"https:\/\/www.carmaxrentacar.com\/guayaquil\/wp-json\/wp\/v2\/posts\/2248","targetHints":{"allow":["GET"]}}],"collection":[{"href":"https:\/\/www.carmaxrentacar.com\/guayaquil\/wp-json\/wp\/v2\/posts"}],"about":[{"href":"https:\/\/www.carmaxrentacar.com\/guayaquil\/wp-json\/wp\/v2\/types\/post"}],"author":[{"embeddable":true,"href":"https:\/\/www.carmaxrentacar.com\/guayaquil\/wp-json\/wp\/v2\/users\/1"}],"replies":[{"embeddable":true,"href":"https:\/\/www.carmaxrentacar.com\/guayaquil\/wp-json\/wp\/v2\/comments?post=2248"}],"version-history":[{"count":0,"href":"https:\/\/www.carmaxrentacar.com\/guayaquil\/wp-json\/wp\/v2\/posts\/2248\/revisions"}],"wp:attachment":[{"href":"https:\/\/www.carmaxrentacar.com\/guayaquil\/wp-json\/wp\/v2\/media?parent=2248"}],"wp:term":[{"taxonomy":"category","embeddable":true,"href":"https:\/\/www.carmaxrentacar.com\/guayaquil\/wp-json\/wp\/v2\/categories?post=2248"},{"taxonomy":"post_tag","embeddable":true,"href":"https:\/\/www.carmaxrentacar.com\/guayaquil\/wp-json\/wp\/v2\/tags?post=2248"}],"curies":[{"name":"wp","href":"https:\/\/api.w.org\/{rel}","templated":true}]}}