{"id":2224,"date":"2019-12-05T11:34:54","date_gmt":"2019-12-05T16:34:54","guid":{"rendered":"https:\/\/www.carmaxrentacar.com\/guayaquil\/?p=2224"},"modified":"2024-11-05T15:22:34","modified_gmt":"2024-11-05T20:22:34","slug":"alquiler-de-autos-guayaquil","status":"publish","type":"post","link":"https:\/\/www.carmaxrentacar.com\/guayaquil\/alquiler-de-autos-guayaquil.html","title":{"rendered":"Alquiler de autos Guayaquil"},"content":{"rendered":"\t\t<div data-elementor-type=\"wp-post\" data-elementor-id=\"2224\" class=\"elementor elementor-2224 elementor-bc-flex-widget\" data-elementor-post-type=\"post\">\n\t\t\t\t\t\t<section class=\"elementor-section elementor-top-section elementor-element elementor-element-d523ab3 elementor-section-stretched elementor-section-full_width elementor-section-height-default elementor-section-height-default\" data-id=\"d523ab3\" data-element_type=\"section\" data-e-type=\"section\" data-settings=\"{&quot;stretch_section&quot;:&quot;section-stretched&quot;}\">\n\t\t\t\t\t\t<div class=\"elementor-container elementor-column-gap-no\">\n\t\t\t\t\t<div class=\"elementor-column elementor-col-100 elementor-top-column elementor-element elementor-element-4004c2d\" data-id=\"4004c2d\" data-element_type=\"column\" data-e-type=\"column\">\n\t\t\t<div class=\"elementor-widget-wrap elementor-element-populated\">\n\t\t\t\t\t\t<div class=\"elementor-element elementor-element-c55342b elementor-pagination-position-outside elementor-widget elementor-widget-image-carousel\" data-id=\"c55342b\" data-element_type=\"widget\" data-e-type=\"widget\" data-settings=\"{&quot;slides_to_show&quot;:&quot;1&quot;,&quot;navigation&quot;:&quot;dots&quot;,&quot;pause_on_hover&quot;:&quot;no&quot;,&quot;speed&quot;:300,&quot;autoplay&quot;:&quot;yes&quot;,&quot;pause_on_interaction&quot;:&quot;yes&quot;,&quot;autoplay_speed&quot;:5000,&quot;infinite&quot;:&quot;yes&quot;,&quot;effect&quot;:&quot;slide&quot;}\" data-widget_type=\"image-carousel.default\">\n\t\t\t\t<div class=\"elementor-widget-container\">\n\t\t\t\t\t\t\t<div class=\"elementor-image-carousel-wrapper swiper\" role=\"region\" aria-roledescription=\"carousel\" aria-label=\"Carrusel de im\u00e1genes\" dir=\"ltr\">\n\t\t\t<div class=\"elementor-image-carousel swiper-wrapper swiper-image-stretch\" aria-live=\"off\">\n\t\t\t\t\t\t\t\t<div class=\"swiper-slide\" role=\"group\" aria-roledescription=\"slide\" aria-label=\"1 de 2\"><figure class=\"swiper-slide-inner\"><img decoding=\"async\" class=\"swiper-slide-image\" src=\"https:\/\/www.carmaxrentacar.com\/guayaquil\/wp-content\/uploads\/2018\/10\/alquiler-de-autos-guayaquil-ecuador-1.jpg\" alt=\"Alquiler de autos Guayaquil\" title=\"\"><\/figure><\/div><div class=\"swiper-slide\" role=\"group\" aria-roledescription=\"slide\" aria-label=\"2 de 2\"><figure class=\"swiper-slide-inner\"><img decoding=\"async\" class=\"swiper-slide-image\" src=\"https:\/\/www.carmaxrentacar.com\/guayaquil\/wp-content\/uploads\/2020\/01\/alquiler-autos-guayaquil.jpg\" alt=\"Alquiler de autos Guayaquil\" title=\"\"><\/figure><\/div>\t\t\t<\/div>\n\t\t\t\t\t\t\t\n\t\t\t\t\t\t\t\t\t<div class=\"swiper-pagination\"><\/div>\n\t\t\t\t\t\t\t\t\t<\/div>\n\t\t\t\t\t\t<\/div>\n\t\t\t\t<\/div>\n\t\t\t\t\t<\/div>\n\t\t<\/div>\n\t\t\t\t\t<\/div>\n\t\t<\/section>\n\t\t\t\t<section class=\"elementor-section elementor-top-section elementor-element elementor-element-491cc6a elementor-section-boxed elementor-section-height-default elementor-section-height-default\" data-id=\"491cc6a\" data-element_type=\"section\" data-e-type=\"section\">\n\t\t\t\t\t\t<div class=\"elementor-container elementor-column-gap-default\">\n\t\t\t\t\t<div class=\"elementor-column elementor-col-50 elementor-top-column elementor-element elementor-element-85d997a\" data-id=\"85d997a\" data-element_type=\"column\" data-e-type=\"column\">\n\t\t\t<div class=\"elementor-widget-wrap elementor-element-populated\">\n\t\t\t\t\t\t<div class=\"elementor-element elementor-element-3e44e7b elementor-widget elementor-widget-heading\" data-id=\"3e44e7b\" data-element_type=\"widget\" data-e-type=\"widget\" data-widget_type=\"heading.default\">\n\t\t\t\t<div class=\"elementor-widget-container\">\n\t\t\t\t\t<h1 class=\"elementor-heading-title elementor-size-large\">Alquiler de autos <strong>Guayaquil<\/strong><\/h1>\t\t\t\t<\/div>\n\t\t\t\t<\/div>\n\t\t\t\t<div class=\"elementor-element elementor-element-dd9c7a7 elementor-widget elementor-widget-text-editor\" data-id=\"dd9c7a7\" data-element_type=\"widget\" data-e-type=\"widget\" data-widget_type=\"text-editor.default\">\n\t\t\t\t<div class=\"elementor-widget-container\">\n\t\t\t\t\t\t\t\t\t<p>La mayor\u00eda de las b\u00fasquedas para satisfacer la necesidad de <span style=\"text-decoration: underline;\"><strong>alquiler de autos Guayaquil<\/strong><\/span> se realizan por internet, en el mercado ofertante encontramos autos desde 40 d\u00f3lares diarios. Con la llegada a Ecuador de las grandes marcas internacionales de arrendadoras de veh\u00edculos como: Enterprise, National, Alamo , Sixt; que han venido a ocupar los puestos y presencia en las redes ofreciendo tarifas reducidas a primera vista pero al final de cuentas el usuario se encuentra con la ingrata sorpresa de que dichas \u201cpromociones\u201d incluyen costos adicionales.<\/p><p>Eso lo podemos observar en los reviews de comentarios donde se destaca el desagrado de <strong>clientes insatisfechos<\/strong>.<\/p><p>Para evitar los inconvenientes referidos, recomendamos reservar su veh\u00edculo de alquiler por lo menos 3 d\u00edas antes de su estad\u00eda con lo cual podr\u00e1 conseguir un precio por debajo del promedio.<\/p><p><strong>Puntos importantes a considerar:<\/strong><\/p><ol><li>Las arrendadoras de autos que se encuentran dentro del aeropuerto de Guayaquil, mantienen tarifas en promedio de un 15% m\u00e1s caras por costos operativos.<\/li><li>Los autos de alquiler de tipo econ\u00f3mico como un Chevrolet Aveo tienen tarifas que oscilan alrededor de un 25% m\u00e1s baratos que otro tipo de veh\u00edculos en relaci\u00f3n a veh\u00edculos tipo SUV (todo terreno) o camionetas.<\/li><\/ol><p>Es importante que las personas que vienen en busca de un alquiler\u00a0de autos Guayaquil posean tarjeta de cr\u00e9dito activa con un cupo de US$1500, mayores de 21 a\u00f1os y con una licencia vigente de su pa\u00eds de origen.<\/p>\t\t\t\t\t\t\t\t<\/div>\n\t\t\t\t<\/div>\n\t\t\t\t\t<\/div>\n\t\t<\/div>\n\t\t\t\t<div class=\"elementor-column elementor-col-50 elementor-top-column elementor-element elementor-element-9931286 animated-fast elementor-invisible\" data-id=\"9931286\" data-element_type=\"column\" data-e-type=\"column\" data-settings=\"{&quot;animation&quot;:&quot;fadeIn&quot;,&quot;animation_delay&quot;:600}\">\n\t\t\t<div class=\"elementor-widget-wrap elementor-element-populated\">\n\t\t\t\t\t\t<div class=\"elementor-element elementor-element-332bfca elementor-widget elementor-widget-image\" data-id=\"332bfca\" data-element_type=\"widget\" data-e-type=\"widget\" data-widget_type=\"image.default\">\n\t\t\t\t<div class=\"elementor-widget-container\">\n\t\t\t\t\t\t\t\t\t\t\t\t\t\t\t<img decoding=\"async\" src=\"https:\/\/www.carmaxrentacar.com\/guayaquil\/wp-content\/uploads\/2018\/10\/carmax-rent-a-car.jpg\" title=\"\" alt=\"\" loading=\"lazy\">\t\t\t\t\t\t\t\t\t\t\t\t\t\t\t<\/div>\n\t\t\t\t<\/div>\n\t\t\t\t<div class=\"elementor-element elementor-element-ecd7f9e elementor-widget elementor-widget-heading\" data-id=\"ecd7f9e\" data-element_type=\"widget\" data-e-type=\"widget\" data-widget_type=\"heading.default\">\n\t\t\t\t<div class=\"elementor-widget-container\">\n\t\t\t\t\t<h2 class=\"elementor-heading-title elementor-size-small\">Alquiler de autos Guayaquil<\/h2>\t\t\t\t<\/div>\n\t\t\t\t<\/div>\n\t\t\t\t<div class=\"elementor-element elementor-element-0445d5f elementor-widget elementor-widget-text-editor\" data-id=\"0445d5f\" data-element_type=\"widget\" data-e-type=\"widget\" data-widget_type=\"text-editor.default\">\n\t\t\t\t<div class=\"elementor-widget-container\">\n\t\t\t\t\t\t\t\t\t<p><strong>Preguntas frecuentes sobre alquiler de autos en Ciudad de Guayaquil \u2013 Ecuador<\/strong><\/p><ul><li>Cu\u00e1nto cuesta alquilar un auto en Ciudad de Guayaquil?<ul><li>Un auto de alquiler en Ciudad de Guayaquil cuesta $40 por d\u00eda y se alquilan por m\u00e1s de 3 d\u00edas.<\/li><\/ul><\/li><li>\u00bfCu\u00e1l es la mejor agencia de alquiler de autos en Ciudad de Guayaquil?<ul><li>Autos de alquiler la mejor agencia la que te de la mejor confianza al momento de realizar tu alquiler<\/li><\/ul><\/li><li>Cu\u00e1l es el lugar m\u00e1s barato para alquilar un auto en Ciudad de Guayaquil?<ul><li>Los autos de alquiler m\u00e1s baratos son aquella que no te ofrecen garant\u00eda ni responsabilidades as\u00ed que usted decide \u2026.<\/li><\/ul><\/li><\/ul>\t\t\t\t\t\t\t\t<\/div>\n\t\t\t\t<\/div>\n\t\t\t\t\t<\/div>\n\t\t<\/div>\n\t\t\t\t\t<\/div>\n\t\t<\/section>\n\t\t\t\t<section class=\"elementor-section elementor-top-section elementor-element elementor-element-407c007 elementor-section-boxed elementor-section-height-default elementor-section-height-default elementor-invisible\" data-id=\"407c007\" data-element_type=\"section\" data-e-type=\"section\" data-settings=\"{&quot;animation&quot;:&quot;shake&quot;}\">\n\t\t\t\t\t\t<div class=\"elementor-container elementor-column-gap-default\">\n\t\t\t\t\t<div class=\"elementor-column elementor-col-100 elementor-top-column elementor-element elementor-element-78dadc5\" data-id=\"78dadc5\" data-element_type=\"column\" data-e-type=\"column\">\n\t\t\t<div class=\"elementor-widget-wrap elementor-element-populated\">\n\t\t\t\t\t\t<div class=\"elementor-element elementor-element-bff8030 elementor-widget elementor-widget-text-editor\" data-id=\"bff8030\" data-element_type=\"widget\" data-e-type=\"widget\" data-widget_type=\"text-editor.default\">\n\t\t\t\t<div class=\"elementor-widget-container\">\n\t\t\t\t\t\t\t\t\t\t\t<div data-elementor-type=\"section\" data-elementor-id=\"1895\" class=\"elementor elementor-1895\" data-elementor-post-type=\"elementor_library\">\n\t\t\t<div class=\"elementor-element elementor-element-866a985 e-flex e-con-boxed e-con e-parent\" data-id=\"866a985\" data-element_type=\"container\" data-e-type=\"container\">\n\t\t\t\t\t<div class=\"e-con-inner\">\n\t\t\t\t<div class=\"elementor-element elementor-element-2809328 elementor-align-center elementor-widget elementor-widget-button\" data-id=\"2809328\" data-element_type=\"widget\" data-e-type=\"widget\" data-widget_type=\"button.default\">\n\t\t\t\t<div class=\"elementor-widget-container\">\n\t\t\t\t\t\t\t\t\t<div class=\"elementor-button-wrapper\">\n\t\t\t\t\t<a class=\"elementor-button btwsp elementor-button-link elementor-size-sm elementor-animation-pop\" href=\"https:\/\/api.whatsapp.com\/send?phone=593999616161&#038;text=%7bC%7d%20Deseo%20rentar%20un%20auto\" target=\"_blank\" rel=\"nofollow noopener\">\n\t\t\t\t\t\t<span class=\"elementor-button-content-wrapper\">\n\t\t\t\t\t\t<span class=\"elementor-button-icon\">\n\t\t\t\t<i aria-hidden=\"true\" class=\"fab fa-whatsapp\"><\/i>\t\t\t<\/span>\n\t\t\t\t\t\t\t\t\t<span class=\"elementor-button-text\">Reserva V\u00eda WhatsApp<\/span>\n\t\t\t\t\t<\/span>\n\t\t\t\t\t<\/a>\n\t\t\t\t<\/div>\n\t\t\t\t\t\t\t\t<\/div>\n\t\t\t\t<\/div>\n\t\t\t\t<div class=\"elementor-element elementor-element-77124b9 elementor-align-center elementor-mobile-align-center elementor-icon-list--layout-traditional elementor-list-item-link-full_width elementor-widget elementor-widget-icon-list\" data-id=\"77124b9\" data-element_type=\"widget\" data-e-type=\"widget\" data-widget_type=\"icon-list.default\">\n\t\t\t\t<div class=\"elementor-widget-container\">\n\t\t\t\t\t\t\t<ul class=\"elementor-icon-list-items\">\n\t\t\t\t\t\t\t<li class=\"elementor-icon-list-item\">\n\t\t\t\t\t\t\t\t\t\t\t<a href=\"https:\/\/api.whatsapp.com\/send?phone=593999616161&#038;text=%7bC%7d%20Deseo%20rentar%20un%20auto\" target=\"_blank\" class=\"btwsp\" rel=\"noopener\">\n\n\t\t\t\t\t\t\t\t\t\t\t\t<span class=\"elementor-icon-list-icon\">\n\t\t\t\t\t\t\t<i aria-hidden=\"true\" class=\"fas fa-caret-right\"><\/i>\t\t\t\t\t\t<\/span>\n\t\t\t\t\t\t\t\t\t\t<span class=\"elementor-icon-list-text\">0999 61 61 61<\/span>\n\t\t\t\t\t\t\t\t\t\t\t<\/a>\n\t\t\t\t\t\t\t\t\t<\/li>\n\t\t\t\t\t\t<\/ul>\n\t\t\t\t\t\t<\/div>\n\t\t\t\t<\/div>\n\t\t\t\t\t<\/div>\n\t\t\t\t<\/div>\n\t\t\t\t<\/div>\n\t\t\t\t\t\t\t\t\t\t<\/div>\n\t\t\t\t<\/div>\n\t\t\t\t\t<\/div>\n\t\t<\/div>\n\t\t\t\t\t<\/div>\n\t\t<\/section>\n\t\t\t\t<section class=\"elementor-section elementor-top-section elementor-element elementor-element-b765540 elementor-section-boxed elementor-section-height-default elementor-section-height-default\" data-id=\"b765540\" data-element_type=\"section\" data-e-type=\"section\">\n\t\t\t\t\t\t<div class=\"elementor-container elementor-column-gap-default\">\n\t\t\t\t\t<div class=\"elementor-column elementor-col-100 elementor-top-column elementor-element elementor-element-8f6438e\" data-id=\"8f6438e\" data-element_type=\"column\" data-e-type=\"column\">\n\t\t\t<div class=\"elementor-widget-wrap elementor-element-populated\">\n\t\t\t\t\t\t<div class=\"elementor-element elementor-element-ea17718 elementor-widget elementor-widget-html\" data-id=\"ea17718\" data-element_type=\"widget\" data-e-type=\"widget\" data-widget_type=\"html.default\">\n\t\t\t\t<div class=\"elementor-widget-container\">\n\t\t\t\t\t<div class=\"rightx pulse\">\r\n            <span data-placement=\"bottom\" title=\"dReserva Ahora\">\r\n                <a class=\"clean animate-flicker\" target=\"_blank\" href=\"https:\/\/api.whatsapp.com\/send?phone=593999616161\" rel=\"noopener\">\r\n                    \r\n                    <img decoding=\"async\" src=\"https:\/\/www.carmaxrentacar.com\/img\/mayo2018\/wslogo.png\" width=\"70px;\" alt=\"\" title=\"\">\r\n                    <p class=\"wsr\" style=\"padding-top: 5px;\">Reserva Ahora<\/p>\r\n                <\/a>\r\n            <\/span>\r\n        <\/div>\t\t\t\t<\/div>\n\t\t\t\t<\/div>\n\t\t\t\t\t<\/div>\n\t\t<\/div>\n\t\t\t\t\t<\/div>\n\t\t<\/section>\n\t\t\t\t<section class=\"elementor-section elementor-top-section elementor-element elementor-element-12aca7a elementor-section-boxed elementor-section-height-default elementor-section-height-default\" data-id=\"12aca7a\" data-element_type=\"section\" data-e-type=\"section\">\n\t\t\t\t\t\t<div class=\"elementor-container elementor-column-gap-default\">\n\t\t\t\t\t<div class=\"elementor-column elementor-col-100 elementor-top-column elementor-element elementor-element-a14dffc\" data-id=\"a14dffc\" data-element_type=\"column\" data-e-type=\"column\">\n\t\t\t<div class=\"elementor-widget-wrap elementor-element-populated\">\n\t\t\t\t\t\t<div class=\"elementor-element elementor-element-d13986c elementor-widget elementor-widget-text-editor\" data-id=\"d13986c\" data-element_type=\"widget\" data-e-type=\"widget\" data-widget_type=\"text-editor.default\">\n\t\t\t\t<div class=\"elementor-widget-container\">\n\t\t\t\t\t\t\t\t\t<p>Alquiler de autos Guayaquil Carmax Rent a Car empresa con +25 a\u00f1os de experiencia en el servicio de renta de veh\u00edculos, atenci\u00f3n personalizada, <a href=\"https:\/\/g.page\/AlquilerAutosGuayaquil?gm\" target=\"_blank\" rel=\"noopener\">vea nuestras rese\u00f1as de Google Maps <span style=\"text-decoration: underline;\">aqu\u00ed<\/span><\/a><\/p>\t\t\t\t\t\t\t\t<\/div>\n\t\t\t\t<\/div>\n\t\t\t\t\t<\/div>\n\t\t<\/div>\n\t\t\t\t\t<\/div>\n\t\t<\/section>\n\t\t\t\t<\/div>\n\t\t","protected":false},"excerpt":{"rendered":"<p>Alquiler de autos Guayaquil La mayor\u00eda de las b\u00fasquedas para satisfacer la necesidad de alquiler de autos Guayaquil se realizan por internet, en el mercado ofertante encontramos autos desde 40 d\u00f3lares diarios. Con la llegada a Ecuador de las grandes marcas internacionales de arrendadoras de veh\u00edculos como: Enterprise, National, Alamo , Sixt; que han venido [&hellip;]<\/p>\n","protected":false},"author":1,"featured_media":2431,"comment_status":"closed","ping_status":"closed","sticky":false,"template":"","format":"standard","meta":{"footnotes":""},"categories":[301],"tags":[],"class_list":["post-2224","post","type-post","status-publish","format-standard","has-post-thumbnail","hentry","category-servicio","wpbf-post"],"_links":{"self":[{"href":"https:\/\/www.carmaxrentacar.com\/guayaquil\/wp-json\/wp\/v2\/posts\/2224","targetHints":{"allow":["GET"]}}],"collection":[{"href":"https:\/\/www.carmaxrentacar.com\/guayaquil\/wp-json\/wp\/v2\/posts"}],"about":[{"href":"https:\/\/www.carmaxrentacar.com\/guayaquil\/wp-json\/wp\/v2\/types\/post"}],"author":[{"embeddable":true,"href":"https:\/\/www.carmaxrentacar.com\/guayaquil\/wp-json\/wp\/v2\/users\/1"}],"replies":[{"embeddable":true,"href":"https:\/\/www.carmaxrentacar.com\/guayaquil\/wp-json\/wp\/v2\/comments?post=2224"}],"version-history":[{"count":0,"href":"https:\/\/www.carmaxrentacar.com\/guayaquil\/wp-json\/wp\/v2\/posts\/2224\/revisions"}],"wp:featuredmedia":[{"embeddable":true,"href":"https:\/\/www.carmaxrentacar.com\/guayaquil\/wp-json\/wp\/v2\/media\/2431"}],"wp:attachment":[{"href":"https:\/\/www.carmaxrentacar.com\/guayaquil\/wp-json\/wp\/v2\/media?parent=2224"}],"wp:term":[{"taxonomy":"category","embeddable":true,"href":"https:\/\/www.carmaxrentacar.com\/guayaquil\/wp-json\/wp\/v2\/categories?post=2224"},{"taxonomy":"post_tag","embeddable":true,"href":"https:\/\/www.carmaxrentacar.com\/guayaquil\/wp-json\/wp\/v2\/tags?post=2224"}],"curies":[{"name":"wp","href":"https:\/\/api.w.org\/{rel}","templated":true}]}}