{"id":1847,"date":"2018-07-11T11:02:00","date_gmt":"2018-07-11T16:02:00","guid":{"rendered":"https:\/\/www.carmaxrentacar.com\/guayaquil\/?p=1847"},"modified":"2018-07-11T11:28:52","modified_gmt":"2018-07-11T16:28:52","slug":"guia-09","status":"publish","type":"post","link":"https:\/\/www.carmaxrentacar.com\/guayaquil\/guia-09.html","title":{"rendered":"Guayaquil Turismo"},"content":{"rendered":"\t\t<div data-elementor-type=\"wp-post\" data-elementor-id=\"1847\" class=\"elementor elementor-1847 elementor-bc-flex-widget\" data-elementor-post-type=\"post\">\n\t\t\t\t\t\t<section class=\"elementor-section elementor-top-section elementor-element elementor-element-269839b0 elementor-section-boxed elementor-section-height-default elementor-section-height-default\" data-id=\"269839b0\" data-element_type=\"section\" data-e-type=\"section\">\n\t\t\t\t\t\t<div class=\"elementor-container elementor-column-gap-default\">\n\t\t\t\t\t<div class=\"elementor-column elementor-col-100 elementor-top-column elementor-element elementor-element-475a91bf\" data-id=\"475a91bf\" data-element_type=\"column\" data-e-type=\"column\">\n\t\t\t<div class=\"elementor-widget-wrap elementor-element-populated\">\n\t\t\t\t\t\t<div class=\"elementor-element elementor-element-1eee0ce5 elementor-widget elementor-widget-heading\" data-id=\"1eee0ce5\" data-element_type=\"widget\" data-e-type=\"widget\" data-widget_type=\"heading.default\">\n\t\t\t\t<div class=\"elementor-widget-container\">\n\t\t\t\t\t<h1 class=\"elementor-heading-title elementor-size-default\">Guayaquil Turismo<\/h1>\t\t\t\t<\/div>\n\t\t\t\t<\/div>\n\t\t\t\t\t<\/div>\n\t\t<\/div>\n\t\t\t\t\t<\/div>\n\t\t<\/section>\n\t\t\t\t<section class=\"elementor-section elementor-top-section elementor-element elementor-element-6756cfe1 elementor-section-boxed elementor-section-height-default elementor-section-height-default\" data-id=\"6756cfe1\" data-element_type=\"section\" data-e-type=\"section\">\n\t\t\t\t\t\t<div class=\"elementor-container elementor-column-gap-default\">\n\t\t\t\t\t<div class=\"elementor-column elementor-col-100 elementor-top-column elementor-element elementor-element-1affec8b\" data-id=\"1affec8b\" data-element_type=\"column\" data-e-type=\"column\">\n\t\t\t<div class=\"elementor-widget-wrap elementor-element-populated\">\n\t\t\t\t\t\t<div class=\"elementor-element elementor-element-0375d35 elementor-widget elementor-widget-text-editor\" data-id=\"0375d35\" data-element_type=\"widget\" data-e-type=\"widget\" data-widget_type=\"text-editor.default\">\n\t\t\t\t<div class=\"elementor-widget-container\">\n\t\t\t\t\t\t\t\t\t<p>Turismo Guayaquil, Lugares Tur\u00edsticos Guayaquil<br \/><b>Guayaquil es tu destino tur\u00edstico<\/b><\/p><p>Quien diga que en la urbe no hay nada que hacer, es porque no la ha recorrido. Conozca la nueva \u2018perla del pac\u00edfico\u2019, pulida y abrillantada en las dos \u00faltimas d\u00e9cadas.<\/p><p>Las tranquilas aguas del Guayas que ba\u00f1an sus costas, los culebreros ramales de los esteros (rodeados de manglares) que atraviesan su interior, los cerros y colinas que delinean sutilmente su \u2018cuerpo\u2019, son parte de los invaluables recursos naturales que siempre ha tenido Guayaquil, y que la hacen \u00fanica e ideales para explotarlos tur\u00edsticamente. Una \u2018suerte\u2019 de entorno paisaj\u00edstico y de atractivos que no siempre fueron aprovechados para atraer al visitante a la urbe; al contrario, por muchos a\u00f1os fueron relegados, olvidados y hasta mal utilizados.<\/p><p>En palabras de Joseph Garzozi, exdirector de turismo del Municipio de Guayaquil, no basta con tener el recurso natural para que un sitio sea considerado un destino, hay que crear toda una estrategia, con productos tur\u00edsticos alrededor de \u00e9l.<\/p><p>Y la realidad es que hist\u00f3ricamente hablando, en la urbe siempre ha fluido naturalmente un insaciable inter\u00e9s por el desarrollo comercial, alejado del turismo. No es sino hasta hace poco m\u00e1s de una d\u00e9cada cuando se decide, consciente y planificadamente, apostarle a esta \u00e1rea. Hoy, esas ideas visionarias de un grupo de personas que luchan por un Guayaquil tur\u00edstico rinden frutos. Las cifras lo demuestran: 1\u2019200.000 personas nos visitan al a\u00f1o. Sin duda, la ciudad va por buen camino con sus m\u00e1s de 90 atractivos tur\u00edsticos inventariados, seg\u00fan el Ministerio de Turismo (Mintur).<\/p><p>Y el actual frente de batalla se concentra en el turismo de convenciones, un segmento interesante de mercado a decir de los expertos, que poco a poco gana terreno. \u00bfPero realmente lo estaremos logrando? Hasta el momento, Guayaquil es la urbe con el centro de convenciones m\u00e1s grande del pa\u00eds (ya es reconocido a nivel regional); tiene un aeropuerto que ha sido galardonado y que opera los 365 d\u00edas del a\u00f1o; adem\u00e1s de contar con un sinn\u00famero de obras que muestran una cara distinta al momento de recorrerla, muy alejada de la que est\u00e1bamos acostumbrados a ver durante los \u00faltimos 40 a\u00f1os.<\/p><p>Los expertos hablan al respecto.<\/p><p><b>Un viaje en el tiempo para recordar<\/b><\/p><p>Era la d\u00e9cada del 70, una \u00e9poca importante para la urbe porte\u00f1a. Estaba por cumplirse el llamado sesquicentenario, el aniversario 150 de independencia de Guayaquil. Grandes celebraciones y festejos, agarrados de la mano de destacadas obras p\u00fablicas y civiles, se hab\u00edan planificado. La creaci\u00f3n del puente de la Unidad Nacional y la construcci\u00f3n del Centro C\u00edvico eran dos de ellas. \u201cUn futuro promisorio le esperaba a Guayaquil\u201d, cuenta Melvin Hoyos, historiador y director del Museo Municipal de Guayaquil, pero \u201cdesgraciadamente la mayor\u00eda de los proyectos se desmoronaron\u201d, acota.<\/p><p>Velasco Ibarra, quien estaba emprendiendo su quinto mandato presidencial (mentor de varias de esas propuestas), se declara dictador y posteriormente, despu\u00e9s de dos a\u00f1os, es tumbado por el ej\u00e9rcito. \u201cEste acontecimiento le afect\u00f3 mucho a Guayaquil&#8230; Nunca hubo inauguraci\u00f3n oficial del puente, no se diga del Centro C\u00edvico&#8230; Las fiestas no tuvieron el lucimiento que se pretend\u00eda\u201d, dice Hoyos.<\/p><p>Aquel despertar tur\u00edstico que pod\u00eda haberse suscitado 40 a\u00f1os atr\u00e1s se estanc\u00f3. Es que, a pesar de contar con el recurso y atractivo natural, ten\u00eda pocos o casi nulos servicios tur\u00edsticos. \u201cA Guayaquil no se la miraba como una ciudad tur\u00edstica, sino como una ciudad de paso. Llegabas en el d\u00eda, realizabas tus actividades o negocios, y te regresabas al final de la tarde\u201d, aseguran funcionarios municipales.<\/p><p>Y es que, aparte de que el Guayaquil de ese entonces era peque\u00f1o comparado con el de hoy, eran escasos los sitios para visitar. \u201cEstaba Las Pe\u00f1as, que era un sitio destruido, muy venido a menos; los parques Centenario (antes plaza al estar abierto) y Seminario, que eran de visita casi obligada; la catedral, aunque no estaba terminada ni ten\u00eda todos los vitrales que tiene ahora; y el malec\u00f3n Sim\u00f3n Bol\u00edvar, donde en aquel entonces solo se pod\u00eda visitar el monumento de Sim\u00f3n Bol\u00edvar y San Mart\u00edn y la Torre del Reloj, nada m\u00e1s, porque si te ibas m\u00e1s al sur (hacia el antiguo mercado) te robaban, y si te ibas m\u00e1s al norte (con direcci\u00f3n a Las Pe\u00f1as y al cerro Santa Ana) te violaban\u201d, relata Hoyos.<\/p><p>Para el historiador el \u2018movimiento tur\u00edstico\u2019 solo era local. Estaba mayormente concentrado en paseos familiares de los guayaquile\u00f1os por la avenida 9 de Octubre, como parte de un \u2018ritual\u2019 dominguero.<\/p><p>Hacia la zona del estero Salado, donde actualmente est\u00e1 el malec\u00f3n del mismo nombre, lo \u00fanico interesante que hab\u00eda eran los paseos en bote que part\u00edan de un muelle contiguo al colegio Vicente Rocafuerte, pero que posteriormente se dejar\u00edan de realizar por la contaminaci\u00f3n del brazo de mar, y se reactivar\u00edan a futuro con la construcci\u00f3n del malec\u00f3n.<\/p><p>En el sector del cerro Santa Ana era ut\u00f3pico hablar de turismo, ya que era uno de los sitios m\u00e1s peligrosos de la urbe. \u201cAntes era cueva de ladrones&#8230; Hoy es uno de los sitios m\u00e1s visitados por los turistas\u201d, dice Garzozi.<\/p><p>Sin duda una d\u00e9cada caracterizada por el estancamiento. Es que \u201cen los 70 el progreso de la ciudad fue lento\u201d, recalca Hoyos.<\/p><p><b>Guayaquil levanta el vuelo<\/b><\/p><p>Guayaquil pas\u00f3 por etapas muy marcadas en las \u00faltimas d\u00e9cadas, las cuales son f\u00e1ciles de distinguir, debido a los cambios positivos y negativos que trajeron.<\/p><p>Durante los 80 la urbe da un giro hacia el abandono. \u201cLas calles se llenan de gigantescas monta\u00f1as de basura y cr\u00e1teres (huecos)&#8230; Esas im\u00e1genes marcaron la etapa oscura, durante la cual resultaba inconcebible que la gente viniese, porque Guayaquil era una cloaca que apestaba\u201d, cuenta el historiador Melvin Hoyos. Para Louis Hanna, presidente de la C\u00e1mara de Turismo de Guayaquil, era el resultado de la \u201cdoble problem\u00e1tica a la que estuvo sometida Guayaquil. Tuvimos p\u00e9simos alcaldes y gobiernos centralistas&#8230; Esto oblig\u00f3 a la ciudad a acostumbrarse a trabajar y progresar por s\u00ed sola\u201d.<\/p><p>Ya en los 90 empieza el resurgir desde las cenizas. \u201cReci\u00e9n entre los a\u00f1os 1995 y 1996 se le devuelve la esperanza en un futuro mejor&#8230; Se limpiaron las calles y se taparon los huecos, se rescat\u00f3 la vialidad&#8230; Se sentaron las bases del nuevo Guayaquil\u201d, explica Hoyos. Fundamentos que vinieron acompa\u00f1ados de decenas de obras p\u00fablicas y viales como la construcci\u00f3n de puentes a desnivel, el rescate del edificio municipal, hoy considerado uno de los pocos bienes patrimoniales arquitect\u00f3nicos de Guayaquil; la recuperaci\u00f3n de los mercados de v\u00edveres; el inicio del proyecto del malec\u00f3n 2000; adem\u00e1s de muchas otras obras emprendidas por el fallecido exalcalde Le\u00f3n Febres-Cordero. La posta de ese progreso la toma quien, a criterio de Hoyos, \u201ces el responsable de convertir en tur\u00edstico a este nuevo Guayaquil\u201d, es decir el abogado Jaime Nebot, actual burgomaestre.<\/p><p>Es que, aparte de las obras que estaba por emprender con la denominada \u2018regeneraci\u00f3n urbana\u2019 y de crear productos tur\u00edsticos alrededor de los recursos naturales de la ciudad, en su administraci\u00f3n se establece formalmente el \u00e1rea de turismo. \u201cReci\u00e9n en el 2001 se empieza a trabajar toda una estrategia de comunicaci\u00f3n y la marca ciudad para promocionarla\u201d, relata Joseph Garzozi, exdirector del \u00e1rea. Desde entonces, la inversi\u00f3n que se ha hecho en turismo aproximadamente es de 20 millones de d\u00f3lares, cifra que \u201ces nada comparada con los resultados extraordinarios obtenidos\u201d, agrega. El cambio en Guayaquil no solo se dio en infraestructura, sino en obra social, lo que representa el 70% del presupuesto municipal. \u201cMejor\u00f3 la autoestima y la calidad de vida de los ciudadanos&#8230; Esto hizo que en los \u00faltimos 15 a\u00f1os se mire a Guayaquil como destino tur\u00edstico\u201d, agrega Rossana Armas, funcionaria municipal.<\/p><p>Ahora, el 46,88% de los extranjeros que ingresan al pa\u00eds la eligen, seg\u00fan datos del Mintur. Las visitas de los nacionales en 2012 superaron las 414 mil. Garzozi asegura que esto significa que el puerto es visitado por alrededor de 1\u2019200.000 personas cada a\u00f1o.<\/p><p>M\u00e1s de 90 atractivos tur\u00edsticos por conocer<\/p><p>No son dos ni tres, sino decenas de opciones que tiene Guayaquil para recorrerla, pasearla y vivirla a plenitud todo el a\u00f1o. Basta con decidirse a salir (si es local), o comprar un tique de bus o a\u00e9reo (si es nacional o extranjero) para conocer la Perla del Pac\u00edfico.<\/p><p>Con un clima c\u00e1lido todo el a\u00f1o, un poco m\u00e1s caliente, h\u00famedo y lluvioso los primeros meses (de enero a abril), y m\u00e1s refrescante, en especial por las noches, lo que resta del calendario; con una temperatura anual promedio de 25 \u00b0C, un \u2018Guayaquil light\u2019 espera por usted. Bajo ese eslogan, la Alcald\u00eda emprendi\u00f3 tiempo atr\u00e1s una estrategia publicitaria para darse a conocer tur\u00edsticamente, dentro y fuera del Ecuador. \u201cHemos salido en las mejores revistas y peri\u00f3dicos del mundo como el New York Times y Forbes\u201d, cuenta Garzozi, donde adem\u00e1s se la da a conocer como un sitio m\u00e1gico del Pac\u00edfico Sur.<\/p><p>Con ello, la idea es animar al visitante a recorrerla por varias rutas y corredores tur\u00edsticos que fueron reducidos a 23 opciones, con m\u00faltiples actividades de entretenimiento y esparcimiento. La aventura empieza al pie del Guayas, en el malec\u00f3n Sim\u00f3n Bol\u00edvar, para luego avanzar al regenerado cerro Santa Ana, con sus m\u00e1s de 400 escalones que lo conducir\u00e1n hacia el Faro, un sitio perfecto para captar panor\u00e1micas.<\/p><p>Al descender hacia las faldas de la colina esperar\u00e1 por usted el barrio m\u00e1s antiguo, Las Pe\u00f1as, resguardado en la entrada con aquellos ca\u00f1ones que anta\u00f1o batallaron contra los piratas, con su \u00fanica, angosta y corta calle empedrada, donde se mantienen firmes las pocas casas de corte republicano, de fachadas de madera.<\/p><p>El trayecto contin\u00faa con visitas a museos (ver cuadro) e iglesias como la catedral de San Pedro, con decenas de coloridos vitrales; Santo Domingo, la m\u00e1s antigua; San Francisco y la Merced, entre otras.<\/p><p>Las plazas y parques como el Seminario (conocido como de las Iguanas), el Centenario (con el monumento de la columna de los pr\u00f3ceres); la plaza de las artes (al sur), el parque Baquerizo Moreno, el parque lineal, entre otros, tambi\u00e9n forman parte de la lista; as\u00ed como los miradores de la ciudad (del cerro Santa Ana, del Carmen -con el monumento al Sagrado Coraz\u00f3n de Jes\u00fas- y el de Bellavista); el malec\u00f3n del Salado con su novedosa fuente de agua danzante de colores (con dos pr\u00f3ximas a inaugurarse en otros puntos); el puente zigzag, que atraviesa el estero Salado; los paseos en bote por el Guayas y el estero; las visitas a reservas naturales como Cerro Blanco y Puerto El Morro; decenas de centros comerciales&#8230;. Una amplia gama de 92 atractivos tur\u00edsticos, seg\u00fan el Mintur; 12 de ellos naturales y 80, manifestaciones culturales.<\/p><p>Adicionalmente, la Empresa P\u00fablica de Parques Urbanos y Espacios P\u00fablicos abre sus puertas a la pr\u00e1ctica de actividades culturales, recreativas y deportivas, con sitios como los parques de Samanes e Hist\u00f3rico Guayaquil y la isla Santay. Y aunque los dos \u00faltimos no est\u00e1n dentro de los l\u00edmites geogr\u00e1ficos de la urbe, se hallan cerca. En el primero, podr\u00e1 admirar al Guayaquil de la era de la pepa de oro, con casas de anta\u00f1o (1900), y otras cosas; en el segundo, realizar un turismo m\u00e1s natural.<\/p><p>Y si es amante del ciclismo, el Ministerio de Cultura y Patrimonio lo anima a efectuar desde el a\u00f1o pasado ciclopaseos patrimoniales por la ciudad, los cuales justo hoy se reactivan con un recorrido por museos y monumentos del casco central. La salida est\u00e1 pautada para las 8:00 desde el Museo Presley Norton (9 de Octubre y Carchi, esquina) y tendr\u00e1 una duraci\u00f3n promedio de dos horas.<\/p><p><b>Los malecones con tecnolog\u00eda y seguridad<\/b><\/p><p>Desde siempre la vida de la ciudad ha girado en torno al r\u00edo Guayas y al estero Salado. Inicialmente, para ser explotados a trav\u00e9s del comercio, en especial en la zona c\u00e9ntrica-este, donde hasta hace 40 a\u00f1os a\u00fan ingresaban y sal\u00edan (aunque escasos) barcos con v\u00edveres, abastos y mercader\u00eda al malec\u00f3n Sim\u00f3n Bol\u00edvar.<\/p><p>Al trasladarse la vida portuaria al sur, los muelles del centro quedan abandonados, convirti\u00e9ndose en cuevas de ratas, refugio de mendigos y guarida de ladrones, donde pocos se atrev\u00edan a poner un pie. Tan solo las zonas del reloj (Torre Morisca) y la rotonda escasamente eran visitadas. Realidad que se mantuvo hasta finales del siglo pasado cuando empez\u00f3 la metamorfosis de la ciudad y se logra convertir al malec\u00f3n Sim\u00f3n Bol\u00edvar en el punto tur\u00edstico m\u00e1s concurrido de Guayaquil.<\/p><p>\u201cM\u00e1s de 20 millones de personas nos visitan al a\u00f1o\u201d, confirma Jonathan G\u00f3mez, director de la Fundaci\u00f3n Malec\u00f3n 2000, organismo que adem\u00e1s tiene a cargo la administraci\u00f3n del malec\u00f3n del Salado, ubicado en el centro-oeste de la ciudad, al pie del estero, con aproximadamente nueve millones de visitas durante el a\u00f1o, de acuerdo con los datos obtenidos mediante sensores localizados en los portones de ingreso del \u00e1rea.<\/p><p>Tras una inversi\u00f3n de m\u00e1s de 120 millones de d\u00f3lares, realizada por autogesti\u00f3n, en gran parte financiados con la donaci\u00f3n de los impuestos de miles de ciudadanos que le apostaron al cambio propuesto por la Alcald\u00eda de entonces, los malecones abrieron sus puertas al p\u00fablico en 1999 (cuando se entrega la primera fase del Sim\u00f3n Bol\u00edvar) y en 2003 (cuando se inaugura la primera etapa del Salado) con una oferta tur\u00edstica m\u00faltiple. El primero, con siete \u00e1reas distribuidas en sus m\u00e1s de 17 hect\u00e1reas de extensi\u00f3n de la obra.<\/p><p>Desde la zona sur, en el sector del Palacio de Cristal (antiguo Mercado Sur), escenario constante de ferias y exposiciones, se puede empezar el recorrido de m\u00e1s de dos y medio kil\u00f3metros de largo de la monumental obra. Siguiendo el trayecto hacia el norte, pasar\u00e1 por el monumento a Jos\u00e9 Joaqu\u00edn de Olmedo, el \u00e1rea del centro comercial Bah\u00eda Malec\u00f3n, la Plaza C\u00edvica, los juegos infantiles y \u00e1rea de deporte, extensos jardines tropicales (hoy con la exposici\u00f3n temporal de la Prehistoria hasta el 11 de agosto), para finalizar en el sector del Cinema-malec\u00f3n (antes IMAX), contiguo al Centro Cultural Sim\u00f3n Bol\u00edvar, donde se encuentra el Museo MAAC.<\/p><p>En el malec\u00f3n del Salado, con m\u00e1s de cinco hect\u00e1reas construidas, se puede visitar la Plaza Rodolfo Baquerizo Moreno (con su sal\u00f3n de eventos), la de los escritores (con sus vitrales con poemas), la Plaza de la Salud, el Muelle de los Mariscos (con su variada oferta gastron\u00f3mica), la zona de la Ferroviaria (con su parque y malec\u00f3n), el puente 5 de Junio que atraviesa la avenida 9 de Octubre, el puente El velero (que se enciende por las noches con luces celestes y blancas), el patio de comidas y, por supuesto, la novedosa fuente de agua danzante, que por las noches deslumbra a los asistentes con su luminosidad multicolor e im\u00e1genes proyectadas sobre el agua.<\/p><p>A todo esto se suman m\u00e1s de 190 espect\u00e1culos y eventos gratuitos que se desarrollan dentro de ambos colosos, como el suscitado la semana anterior, con la llegada del segundo festival de globos aerost\u00e1ticos \u2018Globo Fest 2013\u2019, en el \u00e1rea de la Plaza C\u00edvica del malec\u00f3n Sim\u00f3n Bol\u00edvar, entre otros; a los que semana a semana acude la ciudadan\u00eda (tanto local y nacional como extranjeros) para disfrutar de la divertida oferta que muestra la urbe.<\/p><p>Y m\u00e1s all\u00e1 de la planificaci\u00f3n de actividades de entretenimiento, sin duda, parte de la clave del \u00e9xito en ambos sitios se debe a su seguridad interior.<\/p><p>\u201cContamos con un sistema de alta tecnolog\u00eda de monitoreo a trav\u00e9s de 350 c\u00e1maras de seguridad (270 en el S. Bol\u00edvar y 80 en el Salado) colocadas por todos los rincones de ambos malecones\u201d, asegura G\u00f3mez, sin olvidar mencionar a las decenas de guardias privados que resguardan las instalaciones. \u201cLas personas se sienten 100% seguras aqu\u00ed\u201d, anota el funcionario y enfatiza en los casi mil parqueos privados (720 en el S. B. y 250 en el Salado), que sirven anualmente a un mill\u00f3n de veh\u00edculos en total.<\/p>\t\t\t\t\t\t\t\t<\/div>\n\t\t\t\t<\/div>\n\t\t\t\t\t<\/div>\n\t\t<\/div>\n\t\t\t\t\t<\/div>\n\t\t<\/section>\n\t\t\t\t<section class=\"elementor-section elementor-top-section elementor-element elementor-element-f0e0031 elementor-section-boxed elementor-section-height-default elementor-section-height-default\" data-id=\"f0e0031\" data-element_type=\"section\" data-e-type=\"section\">\n\t\t\t\t\t\t<div class=\"elementor-container elementor-column-gap-default\">\n\t\t\t\t\t<div class=\"elementor-column elementor-col-100 elementor-top-column elementor-element elementor-element-a66cdb1\" data-id=\"a66cdb1\" data-element_type=\"column\" data-e-type=\"column\">\n\t\t\t<div class=\"elementor-widget-wrap elementor-element-populated\">\n\t\t\t\t\t\t<div class=\"elementor-element elementor-element-0df8711 elementor-widget elementor-widget-heading\" data-id=\"0df8711\" data-element_type=\"widget\" data-e-type=\"widget\" data-widget_type=\"heading.default\">\n\t\t\t\t<div class=\"elementor-widget-container\">\n\t\t\t\t\t<h2 class=\"elementor-heading-title elementor-size-default\">A\u00f1ade aqu\u00ed tu texto de cabecera<\/h2>\t\t\t\t<\/div>\n\t\t\t\t<\/div>\n\t\t\t\t<div class=\"elementor-element elementor-element-a41c7ad elementor-widget elementor-widget-text-editor\" data-id=\"a41c7ad\" data-element_type=\"widget\" data-e-type=\"widget\" data-widget_type=\"text-editor.default\">\n\t\t\t\t<div class=\"elementor-widget-container\">\n\t\t\t\t\t\t\t\t\t<p>Son la puerta de entrada y, sin duda, la primera impresi\u00f3n que se llevan los via<a href=\"https:\/\/www.carmaxrentacar.com\/guayaquil\/wp-content\/uploads\/2018\/07\/plaza-vicente-rocafuerte-guayaquil.jpg\"><img fetchpriority=\"high\" decoding=\"async\" class=\"alignright wp-image-1856 size-full\" src=\"https:\/\/www.carmaxrentacar.com\/guayaquil\/wp-content\/uploads\/2018\/07\/plaza-vicente-rocafuerte-guayaquil.jpg\" alt=\"\" width=\"466\" height=\"285\" data-wp-pid=\"1856\" title=\"\"><\/a>jeros de una ciudad. Y, muchas veces, dependiendo de su apariencia, servicio y calidad de atenci\u00f3n, es muy probable que ayuden a decidir si volver o no al destino arribado. En ese sentido, no cabe duda de que Guayaquil se lleva la medalla de oro con sus actuales terminales a\u00e9rea y terrestre, reconocidas no solo localmente sino a nivel internacional por sus \u00f3ptimas condiciones y funcionamiento. \u201cNo tienen nada que envidiar a otras terminales del mundo\u201d, opina Joseph Garzozi, exdirector de turismo del cabildo.<\/p><p>Esta es una realidad de la que no siempre se pudo jactar la ciudad.<\/p><p><b>Terminal terrestre<\/b><\/p><p>Cuarenta a\u00f1os atr\u00e1s ni siquiera exist\u00eda. \u201cReci\u00e9n en la segunda etapa del 70 es cuando se empieza su construcci\u00f3n como parte de un proyecto presentado por Rafael Castro Abad\u201d, cuenta el historiador Melvin Hoyos, para reci\u00e9n en 1985 ser inaugurado.<\/p><p>Se trataba de una megaedificaci\u00f3n de tres niveles altos, que promet\u00eda desarrollo y progreso a la ciudad, pero que desde sus inicios caus\u00f3 problemas y no pudo ser aprovechada al m\u00e1ximo. El segundo piso alto se inhabilit\u00f3 totalmente por riesgo a un derrumbe, debido a problemas estructurales.<\/p><p>Con los a\u00f1os, ante la falta de mantenimiento adecuado si hizo presente el deterioro, la insalubridad e inseguridad, convirtiendo a la terminal en una verdadera puerta de entrada de terror a la ciudad.<\/p><p>No es sino hasta el nuevo milenio (2002), cuando interviene la Fundaci\u00f3n Terminal Terrestre en la reconstrucci\u00f3n y restauraci\u00f3n de la edificaci\u00f3n.<\/p><p>Es as\u00ed que tras una inversi\u00f3n aproximada de 50 millones de d\u00f3lares en 2007 se entrega el edificio principal, para luego inaugurar en su interior un centro comercial denominado \u2018Outlet Mall Terminal\u2019, con 123 locales (96 comerciales y 27 de comida) y 124 islas (minilocales), distribuidos en su mayor\u00eda en la planta baja. \u201cParece un aeropuerto o un mall moderno\u201d, comenta Miguel S\u00e1nchez, uno de los m\u00e1s de 113 millones de usuarios que han arribado y salido de la terminal hacia diversos puntos dentro y fuera del pa\u00eds, seg\u00fan datos de la fundaci\u00f3n obtenidos desde el 2007 hasta el 2012, en los que se ha visto un aumento progresivo a\u00f1o tras a\u00f1o. Esto le ha significado un ingreso superior estimado de 14 millones de d\u00f3lares a la terminal, por tasas y concesiones, durante el 2012.<\/p><p>En la gran terminal operan en total 88 cooperativas, de las cuales 21 son de tipo intraprovincial, 65 interprovinciales y dos internacionales.<\/p><p><b>Como quedarse en el cielo<\/b><\/p><p>Arribar al aeropuerto Jos\u00e9 Joaqu\u00edn de Olmedo de Guayaquil es casi como quedarse en el cielo. Sus c\u00f3modas, modernas y relativamente amplias instalaciones (con relaci\u00f3n a los de su misma categor\u00eda, de menos de cinco millones de pasajeros al a\u00f1o), sumadas a los servicios de calidad que presta, lo hacen sentir as\u00ed; o al menos es lo que reflejan los estudios que lo han hecho merecedor de varios premios internacionales desde su apertura en 2006. As\u00ed lo confirma Nicol\u00e1s Romero Sangster, gerente general de la Fundaci\u00f3n Autoridad Aeroportuaria, encargada de velar por los intereses del recinto, en el cual se invirtieron alrededor de 85 millones de d\u00f3lares y donde, aclara, \u201cel municipio no gast\u00f3 ni un centavo&#8230; la inversi\u00f3n la hizo el concesionario\u201d, cuenta, como parte de las estrategias que ha aplicado la administraci\u00f3n municipal en varias de sus obras.<\/p><p>En este caso espec\u00edfico, desde que el expresidente Gustavo Noboa dictamin\u00f3 que los aeropuertos pasaran a ser manejados por los municipios en el 2000, el \u2018vuelo t\u00e1ctico\u2019 que aplic\u00f3 la alcald\u00eda fue claro: \u201cTen\u00eda que ser concesionado con la debida supervisi\u00f3n de la fundaci\u00f3n y el cabildo\u201d, acota Romero.<\/p><p>Es as\u00ed que el anterior aeropuerto Sim\u00f3n Bol\u00edvar, nacido en la d\u00e9cada del 60, hoy convertido en el Centro de Convenciones de Guayaquil, inicialmente se remodel\u00f3 para despu\u00e9s trasladarse a la nueva terminal en 2006.<\/p><p>Hoy por hoy, gracias a ese convenio que durar\u00e1 hasta 2024, la ciudad recibe el 50,25% de los ingresos brutos regulados del aeropuerto, que hasta ahora ascienden a 150 millones de d\u00f3lares. \u201cNos entregan entre 20 y 25 millones anuales y, adicionalmente, 1,5 millones de d\u00f3lares desde 2006 para manejo administrativo\u201d, revela el funcionario aeroportuario, quien se\u00f1ala que con esos fondos se construir\u00e1 el futuro aeropuerto de Guayaquil que estar\u00e1 localizado en la zona de Daular, el cual ya cuenta con gran parte de los estudios de factibilidad (ver apartado El Daular).<\/p><p>Hasta entonces, la actual terminal entrar\u00e1 en un proceso de ampliaci\u00f3n, el cual estaba previsto para a\u00f1os posteriores, pero que se ha adelantado por los constantes cierres que sufre Quito desde la apertura del aeropuerto de Tababela. \u201cEsto atrasa y acumula en cola tres y hasta cuatro vuelos diarios&#8230; Hay momentos en que en la sala de preembarque hay personas sentadas en el suelo\u201d, explica. Por eso, se duplicar\u00e1 el tama\u00f1o de esa \u00e1rea, se colocar\u00e1n de tres a cuatro mangas m\u00e1s (cifra que est\u00e1 por definirse) para el arribo de los aviones, se arreglar\u00e1 la llegada nacional ampliando los carruseles y el lobby y se colocar\u00e1n dos ascensores m\u00e1s, entre otras cosas, con una inversi\u00f3n promedio de 8 a 10 millones de d\u00f3lares.<\/p><p>En el aeropuerto operan cuatro aerol\u00edneas nacionales (Tame, Aerogal, LAC y LAN Ecuador) y nueve internacionales (American Airline, Avianca, Copa Airlines, Iberia, KLM, LAN, Taca, Tame y Aerogal), que se espera aumenten sobre todo operaciones, conexiones y frecuencias internacionales, pues la terminal opera todo el a\u00f1o sin interrupci\u00f3n por sus \u00f3ptimas condiciones aeron\u00e1uticas. A \u00e9l ingresan cerca de cuatro millones de viajeros al a\u00f1o.<\/p><p>El Daular\u2019, futuro aeroportuario<\/p><p>Hasta el momento el \u2018vuelo\u2019 de El Daular ha sido sostenido y sin turbulencias. \u201cYa hay estudios de aeronavegabilidad&#8230; Se instal\u00f3 una estaci\u00f3n metereol\u00f3gica autom\u00e1tica de alta tecnolog\u00eda que cost\u00f3 200 mil d\u00f3lares para captar la velocidad y direcci\u00f3n del viento, las capas de nubes, aproximaci\u00f3n de tormentas, lluvias, visibilidad, etc.\u201d, dice el gerente de autoridad aeroportuaria. El resultado: el 99,75% de los aterrizajes ser\u00e1 \u00f3ptimo. Incluso se podr\u00edan realizar visualmente, pero siguiendo la norma internacional contar\u00e1 con los instrumentos de ayuda de aterrizaje exigidos. Parte de sus novedades es que contar\u00e1 con tres pistas paralelas, algo poco com\u00fan, que a decir de Joseph Garzozi, exdirector de turismo, lo convertir\u00edan en el mejor aeropuerto de Latinoam\u00e9rica y s\u00e9ptimo del mundo. \u201cEs como tener tres aeropuertos en uno\u201d, acota Garzozi. La terminal, en teor\u00eda, estar\u00eda lista para operar en 2024, es decir al finalizar la concesi\u00f3n actual.<\/p><p><b>Las convenciones: presente y futuro<\/b><\/p><p>Despu\u00e9s de conocer todo lo que ofrece tur\u00edsticamente Guayaquil, una ciudad portuaria eminentemente mercantil, no es extra\u00f1o que apunte su mira tur\u00edstica hacia un nicho corporativo concentrado en el segmento de las convenciones. Una modalidad interesante que persigue a un mercado con mayor poder adquisitivo, es decir atraer a personas con alta capacidad de consumo durante sus visitas.<\/p><p>Se trata de \u201cuna b\u00fasqueda l\u00f3gica\u201d, a decir de Nicol\u00e1s Romero Orde\u00f1ana, gerente general de Expoguayaquil, empresa encargada de administrar el Centro de Convenciones de Guayaquil Sim\u00f3n Bol\u00edvar (Ccgsb), inaugurado en 2007, con una inversi\u00f3n de siete millones de d\u00f3lares que sirvi\u00f3 para el proceso de reconstrucci\u00f3n y remodelaci\u00f3n del edificio donde funcionaba el anterior aeropuerto y convertirlo en un centro multifuncional de 25 mil metros cuadrados, donde es posible llevar a cabo convenciones, ferias y dem\u00e1s eventos.<\/p><p>\u201cTenemos 18 salas en total, con distintos tama\u00f1os, todas bajo el mismo techo, comunicadas entre s\u00ed; tres de ellas tienen una extensi\u00f3n de m\u00e1s de 7.500 metros cuadrados comunicados entre s\u00ed a trav\u00e9s de minisalas&#8230;\u201d, cuenta, como parte de su oferta, que lo convierten en el lugar m\u00e1s grande del pa\u00eds dedicado a ese rubro, donde actualmente se realizan alrededor de 700 eventos al a\u00f1o, con una visita promedio de 700 mil personas (cifra del 2012).<\/p><p>Y esta visi\u00f3n es compartida por los distintos agentes tur\u00edsticos de la urbe, entre ellos Louis Hanna, presidente de la C\u00e1mara de Turismo del Guayas; Joseph Garzozi, experto en turismo y exfuncionario municipal; y Gino Luzzi, presidente de la Asociaci\u00f3n Hotelera de Guayaquil, quienes consideran que el presente y el futuro tur\u00edstico del Puerto Principal est\u00e1n en el turismo corporativo.<\/p><p>No solo por su clima c\u00e1lido, o su capacidad hotelera o por su aeropuerto moderno que se mantiene abierto todo el a\u00f1o, sino que adem\u00e1s \u201ctodos ganamos\u201d, dicen. Lo demuestran las cifras (ver cuadro). Seg\u00fan datos reales proporcionados por Romero, con una convenci\u00f3n internacional que tenga en promedio una asistencia de 150 a 2.000 personas, ingresan a la ciudad entre 400 mil y 4 millones de d\u00f3lares, respectivamente, en una semana.<\/p><p>Si bien es cierto no siempre se dan eventos de esa talla en la urbe, s\u00ed se han dado algunos casos, entre ellos el Congreso de Empresas Aseguradoras y Brockers de Seguros realizado en el 2008. \u201cHasta ese momento hab\u00eda sido el evento m\u00e1s grande de la ciudad al que asistieron m\u00e1s de mil personas del exterior\u201d, cuenta Romero. Asimismo ocurri\u00f3 en el caso del Congreso Internacional de Gastroenterolog\u00eda, al que acudieron 1.500 profesionales extranjeros.<\/p><p>Y para 2015 y 2017 se vienen dos eventos importantes: el Congreso de Avicultura de las Am\u00e9ricas y el Congreso Mundial de Orquideolog\u00eda, respectivamente.<\/p><p>Sin embargo, lograr que estos y otros eventos de talla internacional se desarrollen en Guayaquil implica una dur\u00edsima competencia con otras ciudades de la regi\u00f3n y el mundo, una tarea nada sencilla, explica Romero, debido a que se necesita invertir gran cantidad de dinero. \u201cEn promedio, 30 mil d\u00f3lares (o m\u00e1s) se necesitan para postularse por cada evento&#8230; Y solos no podemos hacerlo, es necesario crear un bur\u00f3 de convenciones en la urbe\u201d, revela.<\/p><p>El planteamiento lo comparten los dem\u00e1s expertos que consideran que \u201ces el momento justo para crearlo\u201d. Una idea que se viene cocinando desde hace 12 a\u00f1os, pero que no ha podido hacerse realidad por falta de uni\u00f3n de las partes involucradas&#8230; \u201cNo hay di\u00e1logo entre el sector p\u00fablico y privado&#8230; Cada uno hace lo suyo por su lado\u201d, opina el catal\u00e1n Jaime Rull, presidente ejecutivo de Horitzo Group, entidad organizadora de ferias y eventos en Guayaquil como la FITE (Feria Internacional de Turismo del Ecuador), Guayaquil Gastron\u00f3mico y otros celebrados tanto en el Ccgsb como en el Palacio de Cristal (otro de los espacios abiertos para esa finalidad, aunque de menor tama\u00f1o), que son auspiciados principalmente por el municipio con una inversi\u00f3n anual promedio de 450 mil d\u00f3lares.<\/p><p>Ricardo Baquerizo, director de Expoplaza, pionero en organizar ferias sectoriales en la urbe desde hace m\u00e1s de dos d\u00e9cadas (1992), dice: \u201cYa es tiempo de unirnos todos y crear el bur\u00f3&#8230; No nos estamos inventando la p\u00f3lvora, esto ocurre en muchas ciudades importantes y funciona\u201d. \u00c9l considera que, aunque Guayaquil ya es un destino de convenciones reconocido en la regi\u00f3n andina y Sudam\u00e9rica en general, hay que seguir trabajando para ganar m\u00e1s espacios, en especial a los competidores cercanos como Bogot\u00e1 y Lima, que est\u00e1n despegando en ese sentido. Baquerizo ha organizado eventos dirigidos a la construcci\u00f3n, sector inmobiliario, de seguros, para la belleza, educaci\u00f3n, entre otros, siendo uno de sus m\u00e1s destacados el \u2018Auto Show\u2019.<\/p><p><b>Oferta hotelera<\/b><\/p><p>Y a todo esto, el crecimiento hotelero ayuda, en especial los de la categor\u00eda de lujo y de primera, que en la actualidad supera las 2.200 habitaciones.<\/p><p>A pesar de que hace 40 a\u00f1os no exist\u00edan registros exactos sobre la capacidad hotelera, a memoria Gino Luzzi, presidente de la Asociaci\u00f3n de Hoteleros de Guayaquil, con una experiencia de m\u00e1s de 35 a\u00f1os, asegura que en la d\u00e9cada del setenta no se llegaba ni a 500 habitaciones. Cifra que se duplic\u00f3 en la d\u00e9cada de los ochenta a m\u00e1s de mil y en los 90 a poco m\u00e1s de 1.500.<\/p><p>Hoy, la ocupaci\u00f3n anual promedio es del 65% al 75%, por lo que el turismo corporativo ayudar\u00eda a aumentar esos n\u00fameros significativamente, pues tambi\u00e9n en muchos hoteles se ofrecen espacios para la realizaci\u00f3n de eventos, congresos y ferias, aunque de menor magnitud.<\/p><p>Entre las novedades est\u00e1n las recientes aperturas del Wyndham Hotel Guayaquil, a orillas del Guayas, y el Holiday Inn, junto al aeropuerto; a las que se sumar\u00e1n en los pr\u00f3ximos a\u00f1os el Swissotel, que estar\u00e1 en el centro y contar\u00e1 con 250 habitaciones repartidas en dos torres de 40 pisos, las cuales se constituir\u00e1n en las m\u00e1s grandes del Ecuador. Asimismo se abrir\u00e1 el Giardini Hotel Boutique, tambi\u00e9n en el centro porte\u00f1o, con 80 cuartos.<\/p>\t\t\t\t\t\t\t\t<\/div>\n\t\t\t\t<\/div>\n\t\t\t\t\t<\/div>\n\t\t<\/div>\n\t\t\t\t\t<\/div>\n\t\t<\/section>\n\t\t\t\t<section class=\"elementor-section elementor-top-section elementor-element elementor-element-ba679ee elementor-section-boxed elementor-section-height-default elementor-section-height-default\" data-id=\"ba679ee\" data-element_type=\"section\" data-e-type=\"section\">\n\t\t\t\t\t\t<div class=\"elementor-container elementor-column-gap-default\">\n\t\t\t\t\t<div class=\"elementor-column elementor-col-100 elementor-top-column elementor-element elementor-element-5b98226\" data-id=\"5b98226\" data-element_type=\"column\" data-e-type=\"column\">\n\t\t\t<div class=\"elementor-widget-wrap elementor-element-populated\">\n\t\t\t\t\t\t<div class=\"elementor-element elementor-element-308344e elementor-widget elementor-widget-heading\" data-id=\"308344e\" data-element_type=\"widget\" data-e-type=\"widget\" data-widget_type=\"heading.default\">\n\t\t\t\t<div class=\"elementor-widget-container\">\n\t\t\t\t\t<h2 class=\"elementor-heading-title elementor-size-large\">Un proyecto guayaquile\u00f1o une cultura y turismo<\/h2>\t\t\t\t<\/div>\n\t\t\t\t<\/div>\n\t\t\t\t<div class=\"elementor-element elementor-element-324582c elementor-widget elementor-widget-text-editor\" data-id=\"324582c\" data-element_type=\"widget\" data-e-type=\"widget\" data-widget_type=\"text-editor.default\">\n\t\t\t\t<div class=\"elementor-widget-container\">\n\t\t\t\t\t\t\t\t\t<p>Desde este domingo en Guayaquil ser\u00e1 posible recorrer parte de sus lugares hist\u00f3ricos patrimoniales en bicicleta. Un nuevo programa de difusi\u00f3n cultural y tur\u00edstica se pondr\u00e1 en marcha.<\/p><p>El museo Presley Norton, en la avenida 9 de Octubre y Carchi, ser\u00e1 el punto de partida, a la 10:00, de la ruta conocida como de la Ciudad Nueva.<\/p><p>Esa edificaci\u00f3n, construida en 1943, es considerada una casa patrimonial de la ciudad y que desde el 2007 se convirti\u00f3 en un centro cultural y museo que alberga 8 000 piezas arqueol\u00f3gicas del investigador Presley Norton.<\/p><p>Desde all\u00ed, los turistas podr\u00e1n pedalear por un circuito que tendr\u00e1 paradas en sitios hist\u00f3ricos y tur\u00edsticos como la Columna de los Pr\u00f3ceres, Plaza Vicente Rocafuerte que marc\u00f3 el l\u00edmite de la Ciudad Nueva; la Plaza de la Administraci\u00f3n, el Parque Seminario, Iglesia Catedral, Museo Nahim Isa\u00edas, Malec\u00f3n culminando en el Centro Cultural Sim\u00f3n Bol\u00edvar, junto a Las Pe\u00f1as.<\/p><p>El Ministerio Coordinador de Patrimonio y el Instituto Nacional de Patrimonio Cultural (INPC) se han unido para desarrollar este proyecto cultural y tur\u00edstico.<\/p><p>\u201cNos parece importante que la gente tenga una visi\u00f3n tur\u00edstica y tambi\u00e9n que los guayaquile\u00f1os volvamos a reconocer esta ciudad. La idea es volver a conocer esa ciudad que vivimos diariamente, pero no solo por el lado patrimonial\u201d, explica \u00c9rika Esp\u00edn, t\u00e9cnica del Ministerio Coordinador de Patrimonio.<\/p><p>Para la ruta de la Ciudad Nueva, el Ministerio proporcionar\u00e1 gratuitamente las bicicletas y cascos para los recorridos. Sin embargo, cualquier ciudadano se puede sumar con su propio veh\u00edculo.<\/p><p>El proyecto incluye la ruta de la Ciudad Vieja, de la que forman parte el barrio Las Pe\u00f1as y el cerro Santa Ana; y la ruta del Cementerio. Esta \u00faltima fue lanzada en octubre del 2011 y est\u00e1 en fase de se\u00f1al\u00e9tica e implementaci\u00f3n.<\/p><p>Este \u00faltimo trimestre se pondr\u00e1 en marcha el proyecto alternadamente un domingo cada ruta. El objetivo para el pr\u00f3ximo a\u00f1o es que las rutas operen los fines de semana de manera simult\u00e1nea.<\/p><p>Lo novedoso es que adem\u00e1s de gu\u00edas biling\u00fces, para el caso de los extranjeros, los recorridos estar\u00e1n acompa\u00f1ados de actores quienes a su manera contar\u00e1n aspectos de la historia de dichos sitios.<\/p><p>A Mar\u00eda Crespo y Alejandra Serrano, la idea de las rutas les parece una alternativa interesante. Las dos turistas cuencanas, que el lunes recorr\u00edan Las Pe\u00f1as, lamentaron no saber andar en bicicleta. Pero analizaban la posibilidad de extender sus vacaciones en Guayaquil hasta el fin de semana. \u201cIgual queremos ver si podemos empaparnos de cada punto del recorrido\u201d<\/p>\t\t\t\t\t\t\t\t<\/div>\n\t\t\t\t<\/div>\n\t\t\t\t\t<\/div>\n\t\t<\/div>\n\t\t\t\t\t<\/div>\n\t\t<\/section>\n\t\t\t\t<section class=\"elementor-section elementor-top-section elementor-element elementor-element-7eca0a4 elementor-section-boxed elementor-section-height-default elementor-section-height-default\" data-id=\"7eca0a4\" data-element_type=\"section\" data-e-type=\"section\">\n\t\t\t\t\t\t<div class=\"elementor-container elementor-column-gap-default\">\n\t\t\t\t\t<div class=\"elementor-column elementor-col-100 elementor-top-column elementor-element elementor-element-c105a23\" data-id=\"c105a23\" data-element_type=\"column\" data-e-type=\"column\">\n\t\t\t<div class=\"elementor-widget-wrap elementor-element-populated\">\n\t\t\t\t\t\t<div class=\"elementor-element elementor-element-8ba9a06 elementor-widget elementor-widget-heading\" data-id=\"8ba9a06\" data-element_type=\"widget\" data-e-type=\"widget\" data-widget_type=\"heading.default\">\n\t\t\t\t<div class=\"elementor-widget-container\">\n\t\t\t\t\t<h2 class=\"elementor-heading-title elementor-size-large\">Nuevas fuentes para 4 sectores de Guayaquil<\/h2>\t\t\t\t<\/div>\n\t\t\t\t<\/div>\n\t\t\t\t<div class=\"elementor-element elementor-element-a85d0a4 elementor-widget elementor-widget-text-editor\" data-id=\"a85d0a4\" data-element_type=\"widget\" data-e-type=\"widget\" data-widget_type=\"text-editor.default\">\n\t\t\t\t<div class=\"elementor-widget-container\">\n\t\t\t\t\t\t\t\t\t<p><a href=\"https:\/\/www.carmaxrentacar.com\/guayaquil\/wp-content\/uploads\/2018\/07\/fuentes-guayaquil-ecuador.gif\"><img decoding=\"async\" class=\"size-full wp-image-1857 alignright\" src=\"https:\/\/www.carmaxrentacar.com\/guayaquil\/wp-content\/uploads\/2018\/07\/fuentes-guayaquil-ecuador.gif\" alt=\"\" width=\"392\" height=\"289\" data-wp-pid=\"1857\" title=\"\"><\/a>Fuente Guayaquil Ecuador<\/p><p>Finos chorros de agua salen desde el suelo, cada uno de ellos con un color distinto. Morado, amarillo y azul son los m\u00e1s vistosos. Los visitantes se paran entre ellos y algunos se mojan con las salpicaduras. Otros atraviesan t\u00faneles de agua y observan im\u00e1genes de Guayaquil en una pantalla de chorros.<\/p><p>Esta interacci\u00f3n ser\u00e1 posible cuando se cristalice el proyecto municipal que prev\u00e9 la construcci\u00f3n de fuentes que se inaugurar\u00e1n el pr\u00f3ximo a\u00f1o en cuatro sectores de la ciudad. Una estar\u00e1 ubicada en la intersecci\u00f3n de las avenidas Isidro Ayora y Francisco de Orellana. \u201cLa cercan\u00eda a la que se situar\u00e1 el espectador permitir\u00e1 la perfecta visualizaci\u00f3n de las gradaciones de color de los motivos, juegos de persecuciones entre ellos y utilizaci\u00f3n de refrescantes efectos de niebla\u201d, se\u00f1ala el informe realizado por la empresa espa\u00f1ola Ghesa, la \u00fanica oferente en la etapa de dise\u00f1os y que fue la responsable de la monumental que se inaugur\u00f3 el a\u00f1o pasado en el estero Salado, entre la cdla. Ferroviaria y el puente 5 de Junio.<\/p><p>La que estar\u00e1 cerca de Basti\u00f3n Popular ocupar\u00e1 un espacio entre zonas de vegetaci\u00f3n existentes en la plaza. Se llevar\u00e1 a cabo una instalaci\u00f3n visitable que permitir\u00e1 al p\u00fablico adentrarse en ella y caminar entre sus motivos, explica Ghesa.<\/p><p>La segunda fuente es decorativa y estar\u00e1 ubicada en la intersecci\u00f3n de las avenidas John F. Kennedy y de las Am\u00e9ricas, en donde estaba el monumento al expresidente Eloy Alfaro.<\/p><p>\u201cSe aprovechar\u00e1n los taludes de la pradera existentes en el centro de la glorieta para enfatizar el estanque, de forma circular, que ocupar\u00e1 gran parte de la plataforma superior\u201d, dice la presentaci\u00f3n de Ghesa. Y los juegos propuestos se alternar\u00e1n c\u00edclicamente con movimientos suaves, creando una variedad de combinaciones y coreograf\u00edas en el agua.<\/p><p>En las avenidas Barcelona y Rodr\u00edguez Bon\u00edn estar\u00e1 un complejo de cuatro fuentes interactivas, ubicadas en el parque que el Cabildo inaugur\u00f3 en las fiestas julianas de este a\u00f1o, aleda\u00f1o al puente Portete.<\/p><p>Aqu\u00ed habr\u00e1 varios tipos de elementos interactivos (sensores pisadores y detectores de proximidad) en donde los visitantes podr\u00e1n abrir puertas para adentrarse en c\u00fapulas de agua, t\u00faneles o atravesar superficies de agua. Adem\u00e1s varios chorros formar\u00e1n una pantalla para proyectar im\u00e1genes.<\/p><p>Los asistentes se convierten en coprotagonistas, disfrutando con juegos programados de la fuente y con aquellos creados por ellos mismos, se\u00f1ala el estudio de la empresa espa\u00f1ola.<\/p><p>La cuarta fuente estar\u00e1 en las avenidas 25 de Julio y P\u00edo Jaramillo, en los bajos del intercambiador de tr\u00e1fico y por donde pasar\u00e1 la ruta 2 de la Metrov\u00eda. La parcela en la que se la instalar\u00e1 consta de dos \u00e1reas diferenciadas: un \u00e1rea peatonal semiajardinada y un espacio residual alargado, sin urbanizar, en el \u00e1rea m\u00e1s pr\u00f3xima a la terminal de integraci\u00f3n de buses.<\/p><p>\u201cSe han configurado para la representaci\u00f3n de la majestuosa figura de un ave en su vuelo, con surtidores configurando cola y alas en movimiento de aleteo\u201d, explica Ghesa sobre el dise\u00f1o para esta obra y agrega que el dinamismo y la velocidad son algunas de sus caracter\u00edsticas b\u00e1sicas.<\/p><p>Adem\u00e1s constar\u00e1 de elementos en permanente cambio de forma y altura y esos motivos ser\u00e1n visibles tanto al pie de la fuente como de las orejas viales superiores del intercambiador.<\/p><p>El gerente de la Fundaci\u00f3n municipal Guayaquil Siglo 21, Wilfrido Matamoros, refiri\u00f3 que la construcci\u00f3n de las fuentes tiene un costo aproximado de $ 2\u2019450.000 m\u00e1s IVA.<\/p><p>Tambi\u00e9n explic\u00f3 que con la oferta de Ghesa se har\u00e1 un concurso con la modalidad de r\u00e9gimen especial porque intervienen dise\u00f1os que se encuentran protegidos por ser creaci\u00f3n de la empresa, por lo que se reservan el derecho de autor.<\/p><p>Ghesa justifica que las fuentes han sido creadas con la idea de proporcionar entretenimiento para toda la familia, atrayendo la atenci\u00f3n de los visitantes hacia ellas durante todas las horas del d\u00eda con objeto de transformar los espacios en entornos \u00fanicos y privilegiados, destacando por su din\u00e1mica de cambios suaves para representar atractivos y relajantes escenarios de agua durante el d\u00eda y por cambios r\u00e1pidos de agua y color para dotar de fuerza y gran expresividad a las zonas durante la noche.<\/p><p>Una vez que se adjudique la obra, lo cual se prev\u00e9 hacer el 10 de octubre pr\u00f3ximo, se firmar\u00e1 el contrato durante ese mismo mes, seg\u00fan Matamoros, quien explic\u00f3 que se le solicitar\u00e1 a la contratista que entregue dos fuentes para las fiestas julianas del pr\u00f3ximo a\u00f1o (av. Barcelona y av. John F. Kennedy) y las otras dos para las de octubre (av. 25 de Julio y Francisco de Orellana, al sur y al norte).<\/p><p>Algunos ciudadanos se muestran felices por las nuevas fuentes, pues dicen que ya no ser\u00e1 necesario aglomerarse en el malec\u00f3n del Salado para observar la fuente monumental sino que tambi\u00e9n se podr\u00e1 disfrutar de las otras que estar\u00e1n en varios puntos de la ciudad y en las que se podr\u00e1 jugar. La que est\u00e1 afuera de la terminal terrestre es la de m\u00e1s dif\u00edcil contemplaci\u00f3n por donde est\u00e1 ubicada.<\/p>\t\t\t\t\t\t\t\t<\/div>\n\t\t\t\t<\/div>\n\t\t\t\t\t<\/div>\n\t\t<\/div>\n\t\t\t\t\t<\/div>\n\t\t<\/section>\n\t\t\t\t<section class=\"elementor-section elementor-top-section elementor-element elementor-element-50b632c elementor-section-boxed elementor-section-height-default elementor-section-height-default\" data-id=\"50b632c\" data-element_type=\"section\" data-e-type=\"section\">\n\t\t\t\t\t\t<div class=\"elementor-container elementor-column-gap-default\">\n\t\t\t\t\t<div class=\"elementor-column elementor-col-100 elementor-top-column elementor-element elementor-element-e7ffaeb\" data-id=\"e7ffaeb\" data-element_type=\"column\" data-e-type=\"column\">\n\t\t\t<div class=\"elementor-widget-wrap elementor-element-populated\">\n\t\t\t\t\t\t<div class=\"elementor-element elementor-element-18ea16f elementor-widget elementor-widget-heading\" data-id=\"18ea16f\" data-element_type=\"widget\" data-e-type=\"widget\" data-widget_type=\"heading.default\">\n\t\t\t\t<div class=\"elementor-widget-container\">\n\t\t\t\t\t<h2 class=\"elementor-heading-title elementor-size-large\">Un pulm\u00f3n Verde para Guayaquil<\/h2>\t\t\t\t<\/div>\n\t\t\t\t<\/div>\n\t\t\t\t<div class=\"elementor-element elementor-element-9d69d28 elementor-widget elementor-widget-text-editor\" data-id=\"9d69d28\" data-element_type=\"widget\" data-e-type=\"widget\" data-widget_type=\"text-editor.default\">\n\t\t\t\t<div class=\"elementor-widget-container\">\n\t\t\t\t\t\t\t\t\t<p><a href=\"https:\/\/www.carmaxrentacar.com\/guayaquil\/wp-content\/uploads\/2018\/07\/daead882c2b08365d590679133f931ea_XL.jpg\"><img decoding=\"async\" class=\"alignright wp-image-1859 \" src=\"https:\/\/www.carmaxrentacar.com\/guayaquil\/wp-content\/uploads\/2018\/07\/daead882c2b08365d590679133f931ea_XL-1024x483.jpg\" alt=\"\" width=\"443\" height=\"209\" data-wp-pid=\"1859\" title=\"\"><\/a>El Parque los Samanes, proyecto para el a\u00f1o 2014, sera el tercero mas grande de latinoamerica y un nuevo espacio ecologico para Ecuador.<\/p><p><b>Parque Los Samanes Guayaquil<\/b><\/p><p>Seran casi 380 Hectareas las que comprendera el nuevo pulmon verde de Guayaquil, parque Los Samanes, parte del megaproyecto gubernamental de generacion y restauracion de areas verdes llamado Guayaquil Ecologico. El Proyecto de Los Samanes se eligio a traves de un concurso nacional que gano el arquitecto guayaquile\u00f1o Ricardo Mortola. \u00bfUno de sus impresionantes efectos? aumentara en 7.5 metros cuadrados el espacio verde por habitante de la cuidad ecuatorial.<\/p><p>Situado al lado del rio Daule, al noreste de Guayaquil, Los Samanes estara dividido en un area de reserva natural y otra recreacional. La Primera presentara 130,30 hectareas de remanente de bosque seco, donde podra practicarse avistamiento de aves. El area recreativa contara con mas de 500 mil arboles, vias pavimentadas, mas de 50 canchas deportivas, vivero, granja pedagogica, area de eventos masivos, ciclovias, pistas para trote y caminata, un balneario, infraestructura para deportes nauticos, el Museo del Ni\u00f1o, un parque de diversiones y un museo de ciencia y tecnologia. Tendra tambien sector de camping, pista para equinoterapia y una superficie dedicada al arte y contemplacion, con lago artificial, entre otros. Todo lo anterior sera creado respetando las condiciones de los remanentes naturales presentes en el lugar, ademas de considerar aspectos como la eficiencia energetica y el reciclaje.<\/p><p>Marcela Aguinaga, Ministra de Medio Ambiente de Ecuador, ha dicho respecto de esta enorme obra: \u00abEs un proyecto absolutamentepositivo. De aqui a diez a\u00f1os quisiera sobrevolar Guayaquil y ver esa gran mancha verde para decir \u00abese es nuestro Parque Samanes\u00bb.<\/p><p>La iniciativa total de Guayaquil Ecologico tiene tres ejes de accion &#8211; Isla santay, Parque Los Samanes y Estero Salado &#8211; todo con el proposito de entregar espacios ecoamigables en la ciudad.<\/p><p>A esperar, entonces, por este verdadero monumento al medio ambiente.<\/p>\t\t\t\t\t\t\t\t<\/div>\n\t\t\t\t<\/div>\n\t\t\t\t\t<\/div>\n\t\t<\/div>\n\t\t\t\t\t<\/div>\n\t\t<\/section>\n\t\t\t\t<section class=\"elementor-section elementor-top-section elementor-element elementor-element-8bfd1f8 elementor-section-boxed elementor-section-height-default elementor-section-height-default\" data-id=\"8bfd1f8\" data-element_type=\"section\" data-e-type=\"section\">\n\t\t\t\t\t\t<div class=\"elementor-container elementor-column-gap-default\">\n\t\t\t\t\t<div class=\"elementor-column elementor-col-100 elementor-top-column elementor-element elementor-element-d79b751\" data-id=\"d79b751\" data-element_type=\"column\" data-e-type=\"column\">\n\t\t\t<div class=\"elementor-widget-wrap elementor-element-populated\">\n\t\t\t\t\t\t<div class=\"elementor-element elementor-element-0989ad8 elementor-widget elementor-widget-heading\" data-id=\"0989ad8\" data-element_type=\"widget\" data-e-type=\"widget\" data-widget_type=\"heading.default\">\n\t\t\t\t<div class=\"elementor-widget-container\">\n\t\t\t\t\t<h2 class=\"elementor-heading-title elementor-size-large\">Puerto Engabao Busca Progreso en el Turismo<\/h2>\t\t\t\t<\/div>\n\t\t\t\t<\/div>\n\t\t\t\t<div class=\"elementor-element elementor-element-1eb5561 elementor-widget elementor-widget-text-editor\" data-id=\"1eb5561\" data-element_type=\"widget\" data-e-type=\"widget\" data-widget_type=\"text-editor.default\">\n\t\t\t\t<div class=\"elementor-widget-container\">\n\t\t\t\t\t\t\t\t\t<p><a href=\"https:\/\/www.carmaxrentacar.com\/guayaquil\/wp-content\/uploads\/2018\/07\/puerto-engabao-ecuador.jpg\"><img loading=\"lazy\" decoding=\"async\" class=\"alignright wp-image-1862 size-full\" src=\"https:\/\/www.carmaxrentacar.com\/guayaquil\/wp-content\/uploads\/2018\/07\/puerto-engabao-ecuador.jpg\" alt=\"\" width=\"387\" height=\"290\" data-wp-pid=\"1862\" title=\"\"><\/a>18 familias acondicionaron sus casas como hospeder\u00edas comunitarias para recibir a los turistas<\/p><p>Puerto Engabao Ecuador<\/p><p>Los habitantes de las comunas m\u00e1s peque\u00f1as, una de ellas Engabao, perteneciente al cant\u00f3n Playas, tambi\u00e9n apuntan a un desarrollo tur\u00edstico que les permita mejorar su calidad de vida.<\/p><p>Estos lugares, los cuales por a\u00f1os han estado en abandono, reci\u00e9n les est\u00e1 llegando el alcantarillado y la energ\u00eda el\u00e9ctrica. Hoy, gracias a la uni\u00f3n de un grupo de personas que apost\u00f3 por brindar servicios tur\u00edsticos, se construy\u00f3 un peque\u00f1o malec\u00f3n para utilizar los recursos que les brinda la naturaleza y as\u00ed expender sus especialidades gastron\u00f3micas.<\/p><p>\u201cTenemos 40 m\u00f3dulos que son duplex, es decir restaurante y bar, atendidos por dos familias\u201d, dijo Pedro Miranda, presidente de la Asociaci\u00f3n.<\/p><p>Esta iniciativa les ha dado trabajo a cerca de 300 personas, quienes han puesto sus expectativas en este feriado. \u201cEl a\u00f1o pasado para esta temporada llegaron alrededor de 4.000 mil personas; son familias que vienen en carros particulares porque es un lugar tranquilo y seguro\u201d, detall\u00f3.<\/p><p>Este es un balneario a donde llegan los turistas a pasar el d\u00eda, pues no cuentan con servicio de hospedaje.<\/p><p>Quienes desean hospedarse pueden hacerlo en la comunidad Puerto Engabao, a cinco minutos de la comuna.<\/p><p>Es que en este lugar sus habitantes emprendieron un proyecto de hospeder\u00eda comunitaria, lo que se sum\u00f3 a sus ingresos familiares.<\/p><p>Julio Vill\u00f3n, presidente del comit\u00e9 promejoras de la comunidad Puerto Engabao, dijo que varios actores sociales los ayudaron para emprender el negocio. \u201cNosotros pusimos una contraparte con el terreno y el trabajo, iniciamos 16 familias y ahora somos 18 las que hemos visto los buenos resultados\u201d, enfatiz\u00f3.<\/p><p>En este lugar se paga 7 d\u00f3lares por persona la noche, cada habitaci\u00f3n est\u00e1 en condici\u00f3n para recibir de cuatro a cinco personas.<\/p><p>Mientras Vill\u00f3n comentaba los beneficios de haber incursionado en este negocio, sus vecinos terminaban de acondicionar las habitaciones que ser\u00edan ocupadas por las familias desde (ayer), pues ya todas estaban reservadas.<\/p><p>Esta comunidad est\u00e1 compuesta por 80 familias, alrededor de 300 habitantes, cuya actividad principal es la pesca.<\/p><p>\u201cEl turismo nos ha devuelto las ganas de salir adelante, porque a veces la pesca no deja ganancias. Una vez llegu\u00e9 de la jornada sin nada para comer, pero al entrar a la casa mi esposa me coment\u00f3 que una pareja se hab\u00eda hospedado; eso fue un alivio, con ese ingreso mi familia ya tuvo para comer; es lo mejor que nos ha podido pasar\u201d, sentenci\u00f3.<\/p><p>Este sistema de hospedaje propone que las familias compartan con los visitantes, pues las instalaciones de la casa est\u00e1n a disposici\u00f3n de los viajeros.<\/p><p>\u201cEllos pueden utilizar la cocina y otras instalaciones, la familia tambi\u00e9n elabora alimentos para los hu\u00e9spedes\u201d<\/p><p>En el lugar se venden almuerzos en 2,50 y platos a la carta dependiendo de lo que pidan los hu\u00e9spedes.<\/p><p>Este lugar es visitado tanto por turistas nacionales como extranjeros, sobre todo para practicar el surf, pues sus olas brindan el ambiente adecuado para este deporte.<\/p><p>C\u00e9sar Lindao es otro de los propietarios de una hospeder\u00eda en el puerto. \u00c9l antes trabajaba en un laboratorio de larvas y llegaba a su casa cada 20 d\u00edas. Pero ahora el negocio le ha permitido quedarse con su familia. .<\/p><p>\u201cMis esposa vende comida en el faro, yo la ayudo con la venta y administro la hospeder\u00eda; estoy feliz porque ahora compartimos m\u00e1s tiempo juntos Lo que queremos es aumentar las habitaciones para mejorar nuestros ingresos\u201d, dijo el microempresario, quien tiene alquilada su habitaci\u00f3n por toda la temporada.<\/p><p>En el lugar se pueden apreciar a los j\u00f3venes practicando surf. \u201cAntes los muchachos de la localidad no practicaban este deporte, pero con la afluencia de turistas internacionales han empezado a integrar competencias y se est\u00e1n incorporando a la actividad\u201d, dijo Vill\u00f3n.<\/p><p>Por ello, se realizar\u00e1n competencias con el fin de difundir este destino para el surf.<\/p><p><b>Datos<\/b><\/p><p>* La comunidad cuenta desde hace un a\u00f1o 6 meses con energ\u00eda el\u00e9ctrica.<br \/>*Las caba\u00f1as, denominada scasas surf, tienen entrada y ba\u00f1o independiente. <br \/>*Est\u00e1 compuesta de un televisor, ventilador, 1 cama de dos plazas, una litera y en ocasiones un sof\u00e1 cama. <br \/>* Cuando llegan parejas y es temporada alta los propietarios de las casas cobran por el valor total de la capacidad de los cuartos. Es decir, 4&#215;7=28 d\u00f3lares. <br \/>*La comunidad espera que alguna autoridad los ayude con el arreglo de la carretera de acceso al lugar<\/p>\t\t\t\t\t\t\t\t<\/div>\n\t\t\t\t<\/div>\n\t\t\t\t\t<\/div>\n\t\t<\/div>\n\t\t\t\t\t<\/div>\n\t\t<\/section>\n\t\t\t\t<section class=\"elementor-section elementor-top-section elementor-element elementor-element-78111db elementor-section-boxed elementor-section-height-default elementor-section-height-default\" data-id=\"78111db\" data-element_type=\"section\" data-e-type=\"section\">\n\t\t\t\t\t\t<div class=\"elementor-container elementor-column-gap-default\">\n\t\t\t\t\t<div class=\"elementor-column elementor-col-100 elementor-top-column elementor-element elementor-element-687c376\" data-id=\"687c376\" data-element_type=\"column\" data-e-type=\"column\">\n\t\t\t<div class=\"elementor-widget-wrap elementor-element-populated\">\n\t\t\t\t\t\t<div class=\"elementor-element elementor-element-88e29ab elementor-widget elementor-widget-heading\" data-id=\"88e29ab\" data-element_type=\"widget\" data-e-type=\"widget\" data-widget_type=\"heading.default\">\n\t\t\t\t<div class=\"elementor-widget-container\">\n\t\t\t\t\t<h2 class=\"elementor-heading-title elementor-size-large\">Turismo Guayaquil<\/h2>\t\t\t\t<\/div>\n\t\t\t\t<\/div>\n\t\t\t\t<div class=\"elementor-element elementor-element-dcccc1f elementor-widget elementor-widget-image\" data-id=\"dcccc1f\" data-element_type=\"widget\" data-e-type=\"widget\" data-widget_type=\"image.default\">\n\t\t\t\t<div class=\"elementor-widget-container\">\n\t\t\t\t\t\t\t\t\t\t\t\t\t\t\t<img decoding=\"async\" src=\"https:\/\/www.carmaxrentacar.com\/guayaquil\/wp-content\/uploads\/2018\/07\/malecon-2000-direccion-de-prensa.jpg\" title=\"\" alt=\"\" loading=\"lazy\">\t\t\t\t\t\t\t\t\t\t\t\t\t\t\t<\/div>\n\t\t\t\t<\/div>\n\t\t\t\t<div class=\"elementor-element elementor-element-bfb2cb3 elementor-widget elementor-widget-text-editor\" data-id=\"bfb2cb3\" data-element_type=\"widget\" data-e-type=\"widget\" data-widget_type=\"text-editor.default\">\n\t\t\t\t<div class=\"elementor-widget-container\">\n\t\t\t\t\t\t\t\t\t<p>1. El Malec\u00f3n del Salado &#8211; Guayaquil Turismo .<br \/>Gran Obra de Regeneraci\u00f3n m\u00e1s rom\u00e1ntico que el malec\u00f3n 2000.<\/p><p>2. El Parque Lineal al lado del Malec\u00f3n del Salado &#8211; Guayaquil Turismo<br \/>Una obra de arquitectura donde se mezcla naturaleza y el estero salado.<\/p><p>3. Las Pe\u00f1as y El Faro &#8211; Guayaquil Turismo<br \/>Ya es un lugar tur\u00edstico que califica entre los m\u00e1s bonitos en el mundo.<\/p><p>4. El Museo del Banco Central &#8211; Guayaquil Turismo <br \/>ya tiene una exhibici\u00f3n mucho m\u00e1s amplia y extensa de nuestra cultura.<\/p><p>5. Los dos t\u00faneles nuevos de la ciudad &#8211; Guayaquil Turismo<br \/>Uno por el cerro San Carmen, y por el cerro San Eduardo.<\/p><p>6. La zona rosa &#8211; Guayaquil Turismo <br \/>Por la calle Rocafuerte en el centro varias discotecas y bares en ese sector que no exist\u00eda hace cinco a\u00f1os, refleja la vida nocturna de guayaquil.<\/p><p>7. Centro Comerciales &#8211; Guayaquil Turismo<br \/>Ri\u00f3 centro Sur, Policentro, Mall del Sol, los centros comerciales de samboromdon, la bahia son opci\u00f3n para ir de compras<\/p><p>8. La Metrov\u00eda &#8211; Guayaquil Turismo<br \/>En la calle Boyac\u00e1 bien para dar una vuelta por la ciudad y ver c\u00f3mo ha cambiado, un buen sistema de transporte economico, recomendeble en hora no pico.<\/p><p>9. La regeneraci\u00f3n de la calle 9 de Octubre &#8211; Guayaquil Turismo<br \/>Ya los cables est\u00e1n bajo tierra, y hay muchas tiendas nuevas que dan un ambiente de otro centro comercial.<\/p><p>10. El Parque Hist\u00f3rico &#8211; Guayaquil Turismo<br \/>En el sector de la puntilla, el parque renovado es un gran sitio para conocer la historia de Guayaquil.<\/p><p>Si quieres un Gu\u00eda Tur\u00edstico Privado puedes consultar Yolanda Nu\u00f1ez enviando un correo a cyoly_15@hotmail.com<\/p><p>Guayaquil, Ciudad ubicada en el Golfo de Guayaquil, mayor accidente geogr\u00e1fico en la costa de Sudam\u00e9rica, a orillas del R\u00edo Guayas, es el m\u00e1s grande de la costa Pac\u00edfica de las Am\u00e9ricas.<\/p><p>\u00a0<\/p><p>Rodeada de brazos de mar y colinas, su belleza natural y su bosque seco tropical la convierten en uno de los mejores destinos del mundo para el ecoturismo, especialmente para los observadores de aves. Dentro de la misma ciudad, en sus parques-jardines, especialmente en el Malec\u00f3n, a orillas del R\u00edo, se pueden observar m\u00e1s de 150 variedades de aves, muchas de ellas end\u00e9micas, es decir \u00fanicas en el mundo.<\/p>\t\t\t\t\t\t\t\t<\/div>\n\t\t\t\t<\/div>\n\t\t\t\t\t<\/div>\n\t\t<\/div>\n\t\t\t\t\t<\/div>\n\t\t<\/section>\n\t\t\t\t<section class=\"elementor-section elementor-top-section elementor-element elementor-element-5d2f3a6 elementor-section-boxed elementor-section-height-default elementor-section-height-default\" data-id=\"5d2f3a6\" data-element_type=\"section\" data-e-type=\"section\">\n\t\t\t\t\t\t<div class=\"elementor-container elementor-column-gap-default\">\n\t\t\t\t\t<div class=\"elementor-column elementor-col-100 elementor-top-column elementor-element elementor-element-53e0ae1\" data-id=\"53e0ae1\" data-element_type=\"column\" data-e-type=\"column\">\n\t\t\t<div class=\"elementor-widget-wrap elementor-element-populated\">\n\t\t\t\t\t\t<div class=\"elementor-element elementor-element-fdc95a7 elementor-widget elementor-widget-image\" data-id=\"fdc95a7\" data-element_type=\"widget\" data-e-type=\"widget\" data-widget_type=\"image.default\">\n\t\t\t\t<div class=\"elementor-widget-container\">\n\t\t\t\t\t\t\t\t\t\t\t\t\t\t\t<img decoding=\"async\" src=\"https:\/\/www.carmaxrentacar.com\/guayaquil\/wp-content\/uploads\/2018\/07\/281-monumento-a-los-donantes-jose-dimitrakis.jpg\" title=\"\" alt=\"\" loading=\"lazy\">\t\t\t\t\t\t\t\t\t\t\t\t\t\t\t<\/div>\n\t\t\t\t<\/div>\n\t\t\t\t<div class=\"elementor-element elementor-element-89e906f elementor-widget elementor-widget-text-editor\" data-id=\"89e906f\" data-element_type=\"widget\" data-e-type=\"widget\" data-widget_type=\"text-editor.default\">\n\t\t\t\t<div class=\"elementor-widget-container\">\n\t\t\t\t\t\t\t\t\t<p>Guayaquil, Ciudad privilegiada por estar a nivel del mar, con su clima tropical benigno todo el a\u00f1o, es lo que se conoce como un destino light, es decir, donde se puede viajar ligero de equipaje, ya que no se exige corbata ni chaqueta en restaurantes o lugares de visitas tur\u00edsticas. Como es un excelente destino de compras, sus equipajes pueden regresar con art\u00edculos tallados de madera de balsa, tagua (marfil vegetal), cer\u00e1micas, tejidos y joyer\u00eda, as\u00ed como variedad de obras de arte en cuadros y pinturas.<\/p>\t\t\t\t\t\t\t\t<\/div>\n\t\t\t\t<\/div>\n\t\t\t\t\t<\/div>\n\t\t<\/div>\n\t\t\t\t\t<\/div>\n\t\t<\/section>\n\t\t\t\t<section class=\"elementor-section elementor-top-section elementor-element elementor-element-03a2e90 elementor-section-boxed elementor-section-height-default elementor-section-height-default\" data-id=\"03a2e90\" data-element_type=\"section\" data-e-type=\"section\">\n\t\t\t\t\t\t<div class=\"elementor-container elementor-column-gap-default\">\n\t\t\t\t\t<div class=\"elementor-column elementor-col-100 elementor-top-column elementor-element elementor-element-0d7a127\" data-id=\"0d7a127\" data-element_type=\"column\" data-e-type=\"column\">\n\t\t\t<div class=\"elementor-widget-wrap elementor-element-populated\">\n\t\t\t\t\t\t<div class=\"elementor-element elementor-element-9ed11c8 elementor-widget elementor-widget-heading\" data-id=\"9ed11c8\" data-element_type=\"widget\" data-e-type=\"widget\" data-widget_type=\"heading.default\">\n\t\t\t\t<div class=\"elementor-widget-container\">\n\t\t\t\t\t<h3 class=\"elementor-heading-title elementor-size-default\">Guayaquil es Historia:<\/h3>\t\t\t\t<\/div>\n\t\t\t\t<\/div>\n\t\t\t\t<div class=\"elementor-element elementor-element-409e462 elementor-widget elementor-widget-text-editor\" data-id=\"409e462\" data-element_type=\"widget\" data-e-type=\"widget\" data-widget_type=\"text-editor.default\">\n\t\t\t\t<div class=\"elementor-widget-container\">\n\t\t\t\t\t\t\t\t\t<p><a href=\"https:\/\/www.carmaxrentacar.com\/guayaquil\/wp-content\/uploads\/2018\/07\/gye4.jpg\"><img loading=\"lazy\" decoding=\"async\" class=\"size-full wp-image-1868 alignright\" src=\"https:\/\/www.carmaxrentacar.com\/guayaquil\/wp-content\/uploads\/2018\/07\/gye4.jpg\" alt=\"\" width=\"469\" height=\"347\" data-wp-pid=\"1868\" title=\"\"><\/a>En Guayaquil y sus alrededores se ubic\u00f3 las m\u00e1s antigua cultura de las Am\u00e9ricas, la Cultura Valdivia, que data de 3900 a\u00f1os AC y cuenta con los primeros registros de cer\u00e1micas y pueblos, as\u00ed como la maravilla de sus navegantes y comerciantes con sus balsas que transportaban hasta 10 tn de mercanc\u00eda, utilizando t\u00e9cnica de timones m\u00faltiples que les permit\u00edan navegar contra corriente comerciando desde la Tierra de Fuego, al sur, hasta el imperio azteca en M\u00e9xico.<\/p><p>La colecci\u00f3n de piezas arqueol\u00f3gicas se pueden observar en todos los museos de la Ciudad siendo, \u00e9sta colecci\u00f3n, la m\u00e1s grande de Latinoam\u00e9rica en su tipo, as\u00ed como los de piezas de oro.<\/p><p>Guayaquil combina sus casi 500 a\u00f1os de historia, (reflejados en su barrio colonial de las Pe\u00f1as y Cerro Santa Ana) con su mirador, capilla y su faro, desde donde se puede tener una visi\u00f3n de 360\u00ba de toda la Ciudad, sus r\u00edos, colinas y brazos de mar.<\/p><p>El imponente r\u00edo Guayas, ba\u00f1a la ciudad de sur a norte, en compa\u00f1\u00eda de los esteros salados, Turismo Guayaquil<\/p><p>Guayaquil es una suma de culturas del Ecuador y del mundo, que se reflejan en las variedades de restaurantes y ofertas gastron\u00f3micas, donde se combina la riqueza de sus productos de mar (langostas, camarones, cangrejos) con todas las delicias de la tierra, ente ellas las ex\u00f3ticas frutas tropicales.<\/p><p>Guayaquil, ciudad segura para el turista<\/p><p><a href=\"https:\/\/www.carmaxrentacar.com\/guayaquil\/wp-content\/uploads\/2018\/07\/gye7.jpg\"><img loading=\"lazy\" decoding=\"async\" class=\"size-full wp-image-1869 alignleft\" src=\"https:\/\/www.carmaxrentacar.com\/guayaquil\/wp-content\/uploads\/2018\/07\/gye7.jpg\" alt=\"\" width=\"469\" height=\"347\" data-wp-pid=\"1869\" title=\"\"><\/a>Dentro de los grandes programas de Regeneraci\u00f3n Urbana que lleva el Municipio de Guayaquil, est\u00e1 el denominado M\u00e1s Seguridad.<\/p><p>Este programa abarca todas las \u00e1reas tur\u00edsticas de Guayaquil, con la Polic\u00eda Metropolitana de la Ciudad, adem\u00e1s de la protecci\u00f3n que brinda la Polic\u00eda Nacional. Se han instalado m\u00e1s de 100 c\u00e1maras de televisi\u00f3n de vigilancia las 24 horas del d\u00eda, en sitios estrat\u00e9gicos y las diferentes fuerzas de seguridad est\u00e1n comunicadas por radio, por lo tanto, cubre la visita de cualquier turista a las \u00e1reas protegidas: Museos, jardines y Parques, Centro Renovado de la Ciudad, Cerro Santa Ana y Mirador, Malec\u00f3n 2000 (3 km de camino junto al r\u00edo, con museos, centros comerciales, restaurantes, jardines, etc.) . En el resto de la ciudad se deben tomar las precauciones necesarias de cualquier otra gran ciudad del mundo.<\/p><p><b>Guayaquil es arte popular<\/b><\/p><p>En todos los murales de sus pasos elevados y en muchas de las fachadas de los edificios donde se lucen obras de arte, lo que la hace a su vez \u00fanica por su originalidad.<\/p><p>\u00a0<b>Guayaquil es deportes<\/b>, tiene uno de los 20 estadios de f\u00fatbol m\u00e1s grandes del mundo (85,000 espectadores), excelentes campos de golf, tenis y todos los deportes de mar en sus maravillosas playas ubicadas a una hora de distancia de la Ciudad. Cuenta con 10 records mundiales en pesca deportiva, excelentes playas para surf (Monta\u00f1ita) y otros deportes de mar.<\/p>\t\t\t\t\t\t\t\t<\/div>\n\t\t\t\t<\/div>\n\t\t\t\t\t<\/div>\n\t\t<\/div>\n\t\t\t\t\t<\/div>\n\t\t<\/section>\n\t\t\t\t<section class=\"elementor-section elementor-top-section elementor-element elementor-element-a11b5fd elementor-section-boxed elementor-section-height-default elementor-section-height-default\" data-id=\"a11b5fd\" data-element_type=\"section\" data-e-type=\"section\">\n\t\t\t\t\t\t<div class=\"elementor-container elementor-column-gap-default\">\n\t\t\t\t\t<div class=\"elementor-column elementor-col-100 elementor-top-column elementor-element elementor-element-a83f6f0\" data-id=\"a83f6f0\" data-element_type=\"column\" data-e-type=\"column\">\n\t\t\t<div class=\"elementor-widget-wrap elementor-element-populated\">\n\t\t\t\t\t\t<div class=\"elementor-element elementor-element-592752c elementor-widget elementor-widget-text-editor\" data-id=\"592752c\" data-element_type=\"widget\" data-e-type=\"widget\" data-widget_type=\"text-editor.default\">\n\t\t\t\t<div class=\"elementor-widget-container\">\n\t\t\t\t\t\t\t\t\t<p>Guayaquil es una suma de culturas del Ecuador y del mundo, que se reflejan en las variedades de restaurantes y ofertas gastron\u00f3micas, donde se combina la riqueza de sus productos de mar (langostas, camarones, cangrejos) con todas las delicias de la tierra, ente ellas las ex\u00f3ticas frutas tropicales.<\/p><p><b>Guayaquil, ciudad segura para el turista<\/b><\/p><p>Dentro de los grandes programas de Regeneraci\u00f3n Urbana que lleva el Municipio de Guayaquil, est\u00e1 el denominado M\u00e1s Seguridad.<\/p><p>Este programa abarca todas las \u00e1reas tur\u00edsticas de Guayaquil, con la Polic\u00eda Metropolitana de la Ciudad, adem\u00e1s de la protecci\u00f3n que brinda la Polic\u00eda Nacional. Se han instalado m\u00e1s de 100 c\u00e1maras de televisi\u00f3n de vigilancia las 24 horas del d\u00eda, en sitios estrat\u00e9gicos y las diferentes fuerzas de seguridad est\u00e1n comunicadas por radio, por lo tanto, cubre la visita de cualquier turista a las \u00e1reas protegidas: Museos, jardines y Parques, Centro Renovado de la Ciudad, Cerro Santa Ana y Mirador, Malec\u00f3n 2000 (3 km de camino junto al r\u00edo, con museos, centros comerciales, restaurantes, jardines, etc.) . En el resto de la ciudad se deben tomar las precauciones necesarias de cualquier otra gran ciudad del mundo.<\/p><p><b>Guayaquil es arte popular<\/b><\/p><p>En todos los murales de sus pasos elevados y en muchas de las fachadas de los edificios donde se lucen obras de arte, lo que la hace a su vez \u00fanica por su originalidad.<\/p><p>Guayaquil es deportes, tiene uno de los 20 estadios de f\u00fatbol m\u00e1s grandes del mundo (85,000 espectadores), excelentes campos de golf, tenis y todos los deportes de mar en sus maravillosas playas ubicadas a una hora de distancia de la Ciudad. Cuenta con 10 records mundiales en pesca deportiva, excelentes playas para surf (Monta\u00f1ita) y otros deportes de mar.<\/p><p>Guayaquil es la alegr\u00eda de las noches en sus casinos, bares y discotecas, y todo ello es el marco ideal para las facilidades que ofrece como ciudad de ferias, congresos y convenciones.<\/p><p>El Recinto Ferial de Dur\u00e1n, Expoplaza, facilidades de sus hoteles de lujo, teatros Centro C\u00edvico y Centro de Arte, y los diferentes auditorios de congresos ofrecen facilidades desde 500 a 3500 personas.<\/p><p><b>Guayaquil es puerto de compras<\/b><\/p><p>Cuenta con m\u00e1s de 15 modern\u00edsimos centros comerciales, adem\u00e1s de los mercados populares (flea markets-bah\u00edas) donde se encuentran productos de todo el mundo, gracias a la combinaci\u00f3n de su puerto y aeropuerto intercontinentales, operables 24 horas, 365 d\u00edas del a\u00f1o.<\/p><p>Guayaquil es una ciudad que ofrece m\u00e1s en su belleza urbana y su naturaleza. Es la puerta de entrada y puerto del Ecuador, y la clave para visitar Gal\u00e1pagos, por eso la Ciudad encierra en s\u00ed toda la magia del Pac\u00edfico Sur.<\/p>\t\t\t\t\t\t\t\t<\/div>\n\t\t\t\t<\/div>\n\t\t\t\t<div class=\"elementor-element elementor-element-6943962 elementor-widget elementor-widget-text-editor\" data-id=\"6943962\" data-element_type=\"widget\" data-e-type=\"widget\" data-widget_type=\"text-editor.default\">\n\t\t\t\t<div class=\"elementor-widget-container\">\n\t\t\t\t\t\t\t\t\t<p style=\"font-weight: 400;\"><strong>Tours:<\/strong><\/p><ul style=\"font-weight: 400;\"><li>Panor\u00e1mico de la Ciudad<\/li><li>Cultural, hist\u00f3rico \/ Museos \/ Parque Hist\u00f3rico<\/li><li>Ecoturismo:\u00a0 Parque Lago \/ Jard\u00edn Bot\u00e1nico \/ Parque Hist\u00f3rico, Cerro Blanco, Manglares de Churute<\/li><li>Tour de Compras<\/li><li>Diversos centros comerciales, mercados populares y artesanales<\/li><li>Tour de Museos<\/li><li>Iglesias, Monumentos (Cementerio General)<\/li><li>Tour a Playas y Deportes de Mar<\/li><li>Tour a las Haciendas Tropicales:\u00a0 cacao, caf\u00e9 y banano<\/li><li>Tour para Observadores de Aves<\/li><li>Tour para navegar por el R\u00edo y brazos de Mar<\/li><li>Tour para amantes de vida nocturna y casinos<\/li><\/ul>\t\t\t\t\t\t\t\t<\/div>\n\t\t\t\t<\/div>\n\t\t\t\t\t<\/div>\n\t\t<\/div>\n\t\t\t\t\t<\/div>\n\t\t<\/section>\n\t\t\t\t<section class=\"elementor-section elementor-top-section elementor-element elementor-element-e077e48 elementor-section-boxed elementor-section-height-default elementor-section-height-default\" data-id=\"e077e48\" data-element_type=\"section\" data-e-type=\"section\">\n\t\t\t\t\t\t<div class=\"elementor-container elementor-column-gap-default\">\n\t\t\t\t\t<div class=\"elementor-column elementor-col-100 elementor-top-column elementor-element elementor-element-ff381c6\" data-id=\"ff381c6\" data-element_type=\"column\" data-e-type=\"column\">\n\t\t\t<div class=\"elementor-widget-wrap elementor-element-populated\">\n\t\t\t\t\t\t<div class=\"elementor-element elementor-element-6e249fe elementor-widget elementor-widget-text-editor\" data-id=\"6e249fe\" data-element_type=\"widget\" data-e-type=\"widget\" data-widget_type=\"text-editor.default\">\n\t\t\t\t<div class=\"elementor-widget-container\">\n\t\t\t\t\t\t\t\t\t<p><strong><a href=\"https:\/\/www.carmaxrentacar.com\/guayaquil\/wp-content\/uploads\/2018\/07\/malecon_guayaquil.jpg\"><img loading=\"lazy\" decoding=\"async\" class=\"size-full wp-image-1873 alignright\" src=\"https:\/\/www.carmaxrentacar.com\/guayaquil\/wp-content\/uploads\/2018\/07\/malecon_guayaquil.jpg\" alt=\"\" width=\"469\" height=\"347\" data-wp-pid=\"1873\" title=\"\"><\/a>Consejos Generales<\/strong><\/p><p>La mejor \u00e9poca para visitar Guayaquil:<\/p><p>Mayo a diciembre: estaci\u00f3n seca y clima templado<\/p><p>Enero a abril: lluviosa, encanto para los que disfrutan de la abundancia del tr\u00f3pico, con clima m\u00e1s c\u00e1lido. Es temporada de playas, donde se disfruta mejor de los encantos playeros y del mar (Vacaciones escolares).<\/p>\t\t\t\t\t\t\t\t<\/div>\n\t\t\t\t<\/div>\n\t\t\t\t\t<\/div>\n\t\t<\/div>\n\t\t\t\t\t<\/div>\n\t\t<\/section>\n\t\t\t\t<\/div>\n\t\t","protected":false},"excerpt":{"rendered":"<p>Guayaquil Turismo Turismo Guayaquil, Lugares Tur\u00edsticos GuayaquilGuayaquil es tu destino tur\u00edstico Quien diga que en la urbe no hay nada que hacer, es porque no la ha recorrido. Conozca la nueva \u2018perla del pac\u00edfico\u2019, pulida y abrillantada en las dos \u00faltimas d\u00e9cadas. Las tranquilas aguas del Guayas que ba\u00f1an sus costas, los culebreros ramales de [&hellip;]<\/p>\n","protected":false},"author":1,"featured_media":0,"comment_status":"open","ping_status":"open","sticky":false,"template":"","format":"standard","meta":{"footnotes":""},"categories":[423],"tags":[],"class_list":["post-1847","post","type-post","status-publish","format-standard","hentry","category-noticias","wpbf-post"],"_links":{"self":[{"href":"https:\/\/www.carmaxrentacar.com\/guayaquil\/wp-json\/wp\/v2\/posts\/1847","targetHints":{"allow":["GET"]}}],"collection":[{"href":"https:\/\/www.carmaxrentacar.com\/guayaquil\/wp-json\/wp\/v2\/posts"}],"about":[{"href":"https:\/\/www.carmaxrentacar.com\/guayaquil\/wp-json\/wp\/v2\/types\/post"}],"author":[{"embeddable":true,"href":"https:\/\/www.carmaxrentacar.com\/guayaquil\/wp-json\/wp\/v2\/users\/1"}],"replies":[{"embeddable":true,"href":"https:\/\/www.carmaxrentacar.com\/guayaquil\/wp-json\/wp\/v2\/comments?post=1847"}],"version-history":[{"count":0,"href":"https:\/\/www.carmaxrentacar.com\/guayaquil\/wp-json\/wp\/v2\/posts\/1847\/revisions"}],"wp:attachment":[{"href":"https:\/\/www.carmaxrentacar.com\/guayaquil\/wp-json\/wp\/v2\/media?parent=1847"}],"wp:term":[{"taxonomy":"category","embeddable":true,"href":"https:\/\/www.carmaxrentacar.com\/guayaquil\/wp-json\/wp\/v2\/categories?post=1847"},{"taxonomy":"post_tag","embeddable":true,"href":"https:\/\/www.carmaxrentacar.com\/guayaquil\/wp-json\/wp\/v2\/tags?post=1847"}],"curies":[{"name":"wp","href":"https:\/\/api.w.org\/{rel}","templated":true}]}}